{"id":10001,"date":"2021-12-07T12:36:03","date_gmt":"2021-12-07T15:36:03","guid":{"rendered":"http:\/\/dgospel.com.br\/portal\/?p=10001"},"modified":"2021-12-07T12:36:04","modified_gmt":"2021-12-07T15:36:04","slug":"bolsonaro-diz-que-capetada-se-revoltou-com-a-vitoria-do-terrivelmente-evangelico","status":"publish","type":"post","link":"https:\/\/dgospel.com.br\/portal\/index.php\/2021\/12\/07\/bolsonaro-diz-que-capetada-se-revoltou-com-a-vitoria-do-terrivelmente-evangelico\/","title":{"rendered":"Bolsonaro diz que \u2018capetada\u2019 se revoltou com a vit\u00f3ria do \u2018terrivelmente evang\u00e9lico\u2019"},"content":{"rendered":"\n<p> Nesta segunda-feira, 06 de dezembro, o presidente Jair Bolsonaro conversou com cidad\u00e3os na entrada do Pal\u00e1cio da Alvorada e afirmou que a \u2018capetada\u2019 se incomodou com a vit\u00f3ria do pastor Andr\u00e9 Mendon\u00e7a na indica\u00e7\u00e3o ao Supremo Tribunal Federal. <\/p>\n\n\n\n<p>O mandat\u00e1rio enalteceu o fato de&nbsp;o mais novo ministro ser evang\u00e9lico, e afirmou que&nbsp;<a href=\"https:\/\/noticias.gospelmais.com.br\/gente-bizarra-mainardi-evangelicos-alexandre-garcia-150742.html\"><strong>a \u2018capetada\u2019 quer evitar<\/strong><\/a>&nbsp;que ele indique os dois pr\u00f3ximos ministros do STF, nas vagas que ser\u00e3o abertas em 2023.<\/p>\n\n\n\n<p>\u201cSe eu for candidato, e se eu for reeleito,&nbsp;a gente pode colocar dois no in\u00edcio de 23 l\u00e1. [\u2026]&nbsp;Se bem que a \u2018capetada\u2019 t\u00e1 se reunindo a\u00ed, n\u00e9. Eu sou o capit\u00e3o, mas a capetada t\u00e1 se reunindo\u201d, disse o presidente da Rep\u00fablica, fazendo refer\u00eancia ao fato de que se ele n\u00e3o for reeleito, seu sucessor poder\u00e1 indicar dois nomes.<\/p>\n\n\n\n<p>A respeito do candidato a vice em sua chapa nas pr\u00f3ximas elei\u00e7\u00f5es, Bolsonaro revelou um de seus crit\u00e9rios para eliminar nomes, e acrescentou que n\u00e3o h\u00e1 nada definido, de acordo com informa\u00e7\u00f5es do portal\u00a0<a rel=\"noreferrer noopener\" target=\"_blank\" href=\"https:\/\/www.oantagonista.com\/brasil\/bolsonaro-a-capetada-ta-se-reunindo-ai\/\"><em>O Antagonista<\/em><\/a>:<\/p>\n\n\n\n<p> \u201cEst\u00e3o sempre tentando atrapalhar. A\u00a0<em>Veja<\/em>: \u2018Tem um nome do Centr\u00e3o para 2022\u2019. Eu n\u00e3o tenho nome de ningu\u00e9m definido ainda. Mas \u00e9 o tempo todo. Tem gente que bota o nome l\u00e1, passa a mat\u00e9ria. A princ\u00edpio foi algu\u00e9m que passou a mat\u00e9ria para se cacifar. Eu j\u00e1 falei, quem aparecer como se cacifando, j\u00e1 est\u00e1 cortado. \u00c9 sinal que fala com a imprensa, de forma n\u00e3o republicana\u201d, esbravejou o presidente. <\/p>\n\n\n\n<p><\/p>\n","protected":false},"excerpt":{"rendered":"<p>Nesta segunda-feira, 06 de dezembro, o presidente Jair Bolsonaro conversou com cidad\u00e3os na entrada do Pal\u00e1cio da Alvorada e afirmou que a \u2018capetada\u2019 se incomodou com a vit\u00f3ria do pastor Andr\u00e9 Mendon\u00e7a na indica\u00e7\u00e3o ao Supremo Tribunal Federal. O mandat\u00e1rio enalteceu o fato de&nbsp;o mais novo ministro ser evang\u00e9lico, e afirmou que&nbsp;a \u2018capetada\u2019 quer evitar&nbsp;que [&hellip;]<\/p>\n","protected":false},"author":2,"featured_media":10002,"comment_status":"open","ping_status":"open","sticky":false,"template":"","format":"standard","meta":[],"categories":[4],"tags":[14],"_links":{"self":[{"href":"https:\/\/dgospel.com.br\/portal\/index.php\/wp-json\/wp\/v2\/posts\/10001"}],"collection":[{"href":"https:\/\/dgospel.com.br\/portal\/index.php\/wp-json\/wp\/v2\/posts"}],"about":[{"href":"https:\/\/dgospel.com.br\/portal\/index.php\/wp-json\/wp\/v2\/types\/post"}],"author":[{"embeddable":true,"href":"https:\/\/dgospel.com.br\/portal\/index.php\/wp-json\/wp\/v2\/users\/2"}],"replies":[{"embeddable":true,"href":"https:\/\/dgospel.com.br\/portal\/index.php\/wp-json\/wp\/v2\/comments?post=10001"}],"version-history":[{"count":1,"href":"https:\/\/dgospel.com.br\/portal\/index.php\/wp-json\/wp\/v2\/posts\/10001\/revisions"}],"predecessor-version":[{"id":10003,"href":"https:\/\/dgospel.com.br\/portal\/index.php\/wp-json\/wp\/v2\/posts\/10001\/revisions\/10003"}],"wp:featuredmedia":[{"embeddable":true,"href":"https:\/\/dgospel.com.br\/portal\/index.php\/wp-json\/wp\/v2\/media\/10002"}],"wp:attachment":[{"href":"https:\/\/dgospel.com.br\/portal\/index.php\/wp-json\/wp\/v2\/media?parent=10001"}],"wp:term":[{"taxonomy":"category","embeddable":true,"href":"https:\/\/dgospel.com.br\/portal\/index.php\/wp-json\/wp\/v2\/categories?post=10001"},{"taxonomy":"post_tag","embeddable":true,"href":"https:\/\/dgospel.com.br\/portal\/index.php\/wp-json\/wp\/v2\/tags?post=10001"}],"curies":[{"name":"wp","href":"https:\/\/api.w.org\/{rel}","templated":true}]}}