{"id":10004,"date":"2021-12-07T13:04:25","date_gmt":"2021-12-07T16:04:25","guid":{"rendered":"http:\/\/dgospel.com.br\/portal\/?p=10004"},"modified":"2021-12-07T13:04:26","modified_gmt":"2021-12-07T16:04:26","slug":"oms-vacinacao-obrigatoria-deve-ser-ultimo-recurso-absoluto","status":"publish","type":"post","link":"https:\/\/dgospel.com.br\/portal\/index.php\/2021\/12\/07\/oms-vacinacao-obrigatoria-deve-ser-ultimo-recurso-absoluto\/","title":{"rendered":"OMS: Vacina\u00e7\u00e3o obrigat\u00f3ria deve ser \u201c\u00faltimo recurso absoluto\u201d"},"content":{"rendered":"\n<p> O diretor regional da Organiza\u00e7\u00e3o Mundial da Sa\u00fade (OMS) para a Europa, Hans Kluge, fez um apelo nesta ter\u00e7a-feira (7) contra a ado\u00e7\u00e3o da vacina\u00e7\u00e3o de forma obrigat\u00f3ria pelos pa\u00edses. Ele defendeu que a popula\u00e7\u00e3o seja sensibilizada para receber os imunizantes contra a Covid-19 voluntariamente. <\/p>\n\n\n\n<p> \u2013 A obrigatoriedade em rela\u00e7\u00e3o \u00e0 vacina \u00e9 um \u00faltimo recurso absoluto e aplic\u00e1vel apenas quando todas as op\u00e7\u00f5es vi\u00e1veis para melhorar as taxas de vacina\u00e7\u00e3o tiverem sido esgotadas \u2013 afirmou. <\/p>\n\n\n\n<p>Preocupado com a variante \u00d4micron, Kluge pediu ainda por uma maior prote\u00e7\u00e3o das crian\u00e7as de 5 a 14 anos e que medidas como o uso de m\u00e1scaras e a ventila\u00e7\u00e3o de espa\u00e7os fechados sejam mantidas.<\/p>\n\n\n\n<p>De acordo com ele, at\u00e9 ontem, 432 casos da variante estavam confirmados na Europa, espalhados por 21 pa\u00edses.<\/p>\n","protected":false},"excerpt":{"rendered":"<p>O diretor regional da Organiza\u00e7\u00e3o Mundial da Sa\u00fade (OMS) para a Europa, Hans Kluge, fez um apelo nesta ter\u00e7a-feira (7) contra a ado\u00e7\u00e3o da vacina\u00e7\u00e3o de forma obrigat\u00f3ria pelos pa\u00edses. Ele defendeu que a popula\u00e7\u00e3o seja sensibilizada para receber os imunizantes contra a Covid-19 voluntariamente. \u2013 A obrigatoriedade em rela\u00e7\u00e3o \u00e0 vacina \u00e9 um \u00faltimo [&hellip;]<\/p>\n","protected":false},"author":2,"featured_media":10005,"comment_status":"open","ping_status":"open","sticky":false,"template":"","format":"standard","meta":[],"categories":[4],"tags":[],"_links":{"self":[{"href":"https:\/\/dgospel.com.br\/portal\/index.php\/wp-json\/wp\/v2\/posts\/10004"}],"collection":[{"href":"https:\/\/dgospel.com.br\/portal\/index.php\/wp-json\/wp\/v2\/posts"}],"about":[{"href":"https:\/\/dgospel.com.br\/portal\/index.php\/wp-json\/wp\/v2\/types\/post"}],"author":[{"embeddable":true,"href":"https:\/\/dgospel.com.br\/portal\/index.php\/wp-json\/wp\/v2\/users\/2"}],"replies":[{"embeddable":true,"href":"https:\/\/dgospel.com.br\/portal\/index.php\/wp-json\/wp\/v2\/comments?post=10004"}],"version-history":[{"count":1,"href":"https:\/\/dgospel.com.br\/portal\/index.php\/wp-json\/wp\/v2\/posts\/10004\/revisions"}],"predecessor-version":[{"id":10006,"href":"https:\/\/dgospel.com.br\/portal\/index.php\/wp-json\/wp\/v2\/posts\/10004\/revisions\/10006"}],"wp:featuredmedia":[{"embeddable":true,"href":"https:\/\/dgospel.com.br\/portal\/index.php\/wp-json\/wp\/v2\/media\/10005"}],"wp:attachment":[{"href":"https:\/\/dgospel.com.br\/portal\/index.php\/wp-json\/wp\/v2\/media?parent=10004"}],"wp:term":[{"taxonomy":"category","embeddable":true,"href":"https:\/\/dgospel.com.br\/portal\/index.php\/wp-json\/wp\/v2\/categories?post=10004"},{"taxonomy":"post_tag","embeddable":true,"href":"https:\/\/dgospel.com.br\/portal\/index.php\/wp-json\/wp\/v2\/tags?post=10004"}],"curies":[{"name":"wp","href":"https:\/\/api.w.org\/{rel}","templated":true}]}}