{"id":10010,"date":"2021-12-07T17:57:11","date_gmt":"2021-12-07T20:57:11","guid":{"rendered":"http:\/\/dgospel.com.br\/portal\/?p=10010"},"modified":"2021-12-07T17:57:12","modified_gmt":"2021-12-07T20:57:12","slug":"bolsonaro-vence-eleicao-popular-de-personalidade-do-ano-da-time","status":"publish","type":"post","link":"https:\/\/dgospel.com.br\/portal\/index.php\/2021\/12\/07\/bolsonaro-vence-eleicao-popular-de-personalidade-do-ano-da-time\/","title":{"rendered":"Bolsonaro vence elei\u00e7\u00e3o popular de personalidade do ano da Time"},"content":{"rendered":"\n<p>Nesta ter\u00e7a-feira (7), o presidente Jair Bolsonaro conquistou o posto de \u2018Personalidade do Ano\u2019 da revista&nbsp;<em>Time<\/em>. Bolsonaro venceu a elei\u00e7\u00e3o popular, com 24% dos mais de 9 milh\u00f5es de votos feitos por meio do site da revista.<\/p>\n\n\n\n<p>Bolsonaro recebeu cerca de 2,1 milh\u00f5es de votos.<\/p>\n\n\n\n<p>O an\u00fancio foi feito pela pr\u00f3pria Time, que revelou ainda que o ex-presidente dos Estados Unidos, Joe Biden, ficou na segunda posi\u00e7\u00e3o, com 9% dos votos. J\u00e1 a terceira ficou com os profissionais de sa\u00fade que atuaram no combate \u00e0 Covid-19, com 6,3% dos votos.<\/p>\n\n\n\n<p>Apesar dos resultados, a&nbsp;<em>Time<\/em>&nbsp;ressalta que a escolha final recai sobre os editores da revista e que a enquete serve para prover \u201cinforma\u00e7\u00f5es relevantes sobre a opini\u00e3o p\u00fablica, dando aos leitores uma chance de influenciar na escolha\u201d. O resultado final ser\u00e1 divulgado na pr\u00f3xima segunda-feira (13).<\/p>\n\n\n\n<p>Essa n\u00e3o \u00e9 a primeira vez em que Bolsonaro \u00e9 inclu\u00eddo na lista de candidatos. Em 2018 e 2019, o presidente j\u00e1 esteve entre os concorrentes na vota\u00e7\u00e3o. Em 2020, por sua vez, Bolsonaro integrou uma outra lista da publica\u00e7\u00e3o dos Estados Unidos, a de 100 personalidades mais influentes do ano.<\/p>\n\n\n\n<p>No total, a lista de 2021 inclui 54 candidatos, entre pessoas e grupos. O resultado com o nome do escolhido deve ser anunciado em dezembro.<\/p>\n\n\n\n<p>O resultado pode ser visto&nbsp;<a href=\"https:\/\/time.com\/6124458\/person-of-the-year-reader-poll-results-2021\/\" target=\"_blank\" rel=\"noreferrer noopener\">aqui<\/a>.<\/p>\n","protected":false},"excerpt":{"rendered":"<p>Nesta ter\u00e7a-feira (7), o presidente Jair Bolsonaro conquistou o posto de \u2018Personalidade do Ano\u2019 da revista&nbsp;Time. Bolsonaro venceu a elei\u00e7\u00e3o popular, com 24% dos mais de 9 milh\u00f5es de votos feitos por meio do site da revista. Bolsonaro recebeu cerca de 2,1 milh\u00f5es de votos. O an\u00fancio foi feito pela pr\u00f3pria Time, que revelou ainda [&hellip;]<\/p>\n","protected":false},"author":2,"featured_media":10011,"comment_status":"open","ping_status":"open","sticky":false,"template":"","format":"standard","meta":[],"categories":[4],"tags":[],"_links":{"self":[{"href":"https:\/\/dgospel.com.br\/portal\/index.php\/wp-json\/wp\/v2\/posts\/10010"}],"collection":[{"href":"https:\/\/dgospel.com.br\/portal\/index.php\/wp-json\/wp\/v2\/posts"}],"about":[{"href":"https:\/\/dgospel.com.br\/portal\/index.php\/wp-json\/wp\/v2\/types\/post"}],"author":[{"embeddable":true,"href":"https:\/\/dgospel.com.br\/portal\/index.php\/wp-json\/wp\/v2\/users\/2"}],"replies":[{"embeddable":true,"href":"https:\/\/dgospel.com.br\/portal\/index.php\/wp-json\/wp\/v2\/comments?post=10010"}],"version-history":[{"count":1,"href":"https:\/\/dgospel.com.br\/portal\/index.php\/wp-json\/wp\/v2\/posts\/10010\/revisions"}],"predecessor-version":[{"id":10012,"href":"https:\/\/dgospel.com.br\/portal\/index.php\/wp-json\/wp\/v2\/posts\/10010\/revisions\/10012"}],"wp:featuredmedia":[{"embeddable":true,"href":"https:\/\/dgospel.com.br\/portal\/index.php\/wp-json\/wp\/v2\/media\/10011"}],"wp:attachment":[{"href":"https:\/\/dgospel.com.br\/portal\/index.php\/wp-json\/wp\/v2\/media?parent=10010"}],"wp:term":[{"taxonomy":"category","embeddable":true,"href":"https:\/\/dgospel.com.br\/portal\/index.php\/wp-json\/wp\/v2\/categories?post=10010"},{"taxonomy":"post_tag","embeddable":true,"href":"https:\/\/dgospel.com.br\/portal\/index.php\/wp-json\/wp\/v2\/tags?post=10010"}],"curies":[{"name":"wp","href":"https:\/\/api.w.org\/{rel}","templated":true}]}}