{"id":10019,"date":"2021-12-09T18:19:06","date_gmt":"2021-12-09T21:19:06","guid":{"rendered":"http:\/\/dgospel.com.br\/portal\/?p=10019"},"modified":"2021-12-09T18:19:07","modified_gmt":"2021-12-09T21:19:07","slug":"governo-do-tocantins-e-caixa-alinham-propostas-para-o-turismo-regional","status":"publish","type":"post","link":"https:\/\/dgospel.com.br\/portal\/index.php\/2021\/12\/09\/governo-do-tocantins-e-caixa-alinham-propostas-para-o-turismo-regional\/","title":{"rendered":"Governo do Tocantins e Caixa alinham propostas para o turismo regional"},"content":{"rendered":"\n<p>O presidente da Ag\u00eancia de Desenvolvimento do Turismo, Cultura e Economia (Adetuc), Hercy Filho, esteve nesta quinta, 9, com o superintendente regional da Caixa Econ\u00f4mica Federal, Walter Siqueira, para tratar de a\u00e7\u00f5es voltadas ao fortalecimento da ind\u00fastria do turismo no Tocantins. Acompanharam o encontro, Vandeir da Silva Ferreira, que representa a institui\u00e7\u00e3o financeira no F\u00f3rum Estadual de Turismo (Foestur), e Maria Ant\u00f4nia Valadares, superintendente de Turismo.<\/p>\n\n\n\n<p>\u201cA Caixa \u00e9 uma grande parceira do turismo, em todas as inst\u00e2ncias, tanto que \u00e9 a principal operadora do Fundo Geral do Turismo, o Fungetur, do Minist\u00e9rio do Turismo\u201d, ressaltou Hercy Filho, ao convidar a institui\u00e7\u00e3o a participar das reuni\u00f5es da Adetuc com o trade tur\u00edstico para repassar informa\u00e7\u00f5es sobre as linhas de cr\u00e9dito que podem ser disponibilizadas para o setor.<\/p>\n\n\n\n<p>O gestor ressaltou, ainda, que a qualifica\u00e7\u00e3o profissional \u00e9 uma das prioridades da Adetuc, aliada a infraestrutura. \u201cO governador Wanderlei Barbosa \u00e9 filho da terra e traz uma grande preocupa\u00e7\u00e3o com melhorias neste setor\u201d, completou, ao lembrar a import\u00e2ncia do Jalap\u00e3o no contexto nacional, Palmas como principal porta de entrada dos turistas e do potencial do Estado para a pesca esportiva.<\/p>\n\n\n\n<p>\u201cO Tocantins revela um mundo de oportunidades e o turismo \u00e9 um dos grandes potenciais do Estado, temos que caminhar juntos\u201d, concordou Walter Siqueira, ao revelar que uma das metas do presidente da Caixa, Pedro Guimar\u00e3es, \u00e9 levar a institui\u00e7\u00e3o para todos os munic\u00edpios. Lembrou tamb\u00e9m que o banco digital da institui\u00e7\u00e3o \u00e9 o maior do mundo, com cerca de 100 milh\u00f5es de clientes, sendo outra proposta a abertura de cr\u00e9dito facilitado aos pequenos empreendedores.<\/p>\n","protected":false},"excerpt":{"rendered":"<p>O presidente da Ag\u00eancia de Desenvolvimento do Turismo, Cultura e Economia (Adetuc), Hercy Filho, esteve nesta quinta, 9, com o superintendente regional da Caixa Econ\u00f4mica Federal, Walter Siqueira, para tratar de a\u00e7\u00f5es voltadas ao fortalecimento da ind\u00fastria do turismo no Tocantins. Acompanharam o encontro, Vandeir da Silva Ferreira, que representa a institui\u00e7\u00e3o financeira no F\u00f3rum [&hellip;]<\/p>\n","protected":false},"author":2,"featured_media":10020,"comment_status":"open","ping_status":"open","sticky":false,"template":"","format":"standard","meta":[],"categories":[3],"tags":[],"_links":{"self":[{"href":"https:\/\/dgospel.com.br\/portal\/index.php\/wp-json\/wp\/v2\/posts\/10019"}],"collection":[{"href":"https:\/\/dgospel.com.br\/portal\/index.php\/wp-json\/wp\/v2\/posts"}],"about":[{"href":"https:\/\/dgospel.com.br\/portal\/index.php\/wp-json\/wp\/v2\/types\/post"}],"author":[{"embeddable":true,"href":"https:\/\/dgospel.com.br\/portal\/index.php\/wp-json\/wp\/v2\/users\/2"}],"replies":[{"embeddable":true,"href":"https:\/\/dgospel.com.br\/portal\/index.php\/wp-json\/wp\/v2\/comments?post=10019"}],"version-history":[{"count":1,"href":"https:\/\/dgospel.com.br\/portal\/index.php\/wp-json\/wp\/v2\/posts\/10019\/revisions"}],"predecessor-version":[{"id":10021,"href":"https:\/\/dgospel.com.br\/portal\/index.php\/wp-json\/wp\/v2\/posts\/10019\/revisions\/10021"}],"wp:featuredmedia":[{"embeddable":true,"href":"https:\/\/dgospel.com.br\/portal\/index.php\/wp-json\/wp\/v2\/media\/10020"}],"wp:attachment":[{"href":"https:\/\/dgospel.com.br\/portal\/index.php\/wp-json\/wp\/v2\/media?parent=10019"}],"wp:term":[{"taxonomy":"category","embeddable":true,"href":"https:\/\/dgospel.com.br\/portal\/index.php\/wp-json\/wp\/v2\/categories?post=10019"},{"taxonomy":"post_tag","embeddable":true,"href":"https:\/\/dgospel.com.br\/portal\/index.php\/wp-json\/wp\/v2\/tags?post=10019"}],"curies":[{"name":"wp","href":"https:\/\/api.w.org\/{rel}","templated":true}]}}