{"id":10022,"date":"2021-12-10T10:34:49","date_gmt":"2021-12-10T13:34:49","guid":{"rendered":"http:\/\/dgospel.com.br\/portal\/?p=10022"},"modified":"2021-12-10T10:34:50","modified_gmt":"2021-12-10T13:34:50","slug":"mendonca-prega-em-culto-na-camara-e-defende-michelle-ali-estava-o-espirito-de-deus","status":"publish","type":"post","link":"https:\/\/dgospel.com.br\/portal\/index.php\/2021\/12\/10\/mendonca-prega-em-culto-na-camara-e-defende-michelle-ali-estava-o-espirito-de-deus\/","title":{"rendered":"Mendon\u00e7a prega em culto na C\u00e2mara e defende Michelle: \u201cAli estava o Esp\u00edrito de Deus\u201d"},"content":{"rendered":"\n<p>O&nbsp;<a href=\"https:\/\/www.guiame.com.br\/gospel\/noticias\/um-salto-para-os-evangelicos-diz-andre-mendonca-apos-ser-aprovado-para-o-stf.html\"><strong>novo ministro aprovado para o Supremo Tribunal Federal<\/strong><\/a>&nbsp;(STF), Andr\u00e9 Mendon\u00e7a, pregou em um audit\u00f3rio da C\u00e2mara dos Deputados nesta quarta-feira (8), durante um culto de encerramento dos trabalhos legislativos do Congresso Nacional.<\/p>\n\n\n\n<p>Ao longo de sua mensagem, Mendon\u00e7a falou sobre a imagem que repercutiu da primeira-dama,\u00a0<a href=\"https:\/\/www.guiame.com.br\/gospel\/noticias\/michelle-responde-chacotas-por-oracao-em-linguas-o-homem-natural-nao-compreende.html\"><strong>Michelle Bolsonaro, orando em l\u00ednguas<\/strong><\/a>\u00a0ao celebrar sua aprova\u00e7\u00e3o. Michelle foi alvo de chacotas da imprensa e internautas por conta da sua express\u00e3o religiosa.<\/p>\n\n\n\n<p>A imagem de Michelle em ora\u00e7\u00e3o foi exibida em um tel\u00e3o do audit\u00f3rio, diante de integrantes da Frente Parlamentar Evang\u00e9lica e de ministros do governo. Mendon\u00e7a, por sua vez, destacou tr\u00eas aspectos importantes da foto: a presen\u00e7a de sua fam\u00edlia, a adora\u00e7\u00e3o a Deus e a manifesta\u00e7\u00e3o do Esp\u00edrito Santo.<\/p>\n\n\n\n<p>\u201cEm terceiro lugar, a\u00ed chamo a aten\u00e7\u00e3o para a dona Michelle: a manifesta\u00e7\u00e3o do Esp\u00edrito Santo\u201d, destacou Mendon\u00e7a. \u201cAlguns setores da sociedade t\u00eam mal interpretado e at\u00e9 agido com grau de preconceito, por n\u00e3o entender. Mas ali estava o Esp\u00edrito Santo de Deus\u201d.<\/p>\n\n\n\n<p>Ele avaliou: \u201cO amor que come\u00e7a na fam\u00edlia, a adora\u00e7\u00e3o a Deus na atitude de ora\u00e7\u00e3o e a manifesta\u00e7\u00e3o do Esp\u00edrito Santo. Por isso que essa foto para mim vai marcar minha vida. Porque ela sintetiza quatro meses e meio da obra de Deus sendo realizada.<\/p>\n\n\n\n<figure class=\"wp-block-image\"><img src=\"https:\/\/thumbor.guiame.com.br\/unsafe\/smart\/https:\/\/media.guiame.com.br\/archives\/2021\/12\/09\/2225764697-.jpg\" alt=\"\"\/><\/figure>\n\n\n\n<p><br><sup>Andr\u00e9 Mendon\u00e7a em culto promovido pela Frente Parlamentar Evang\u00e9lica. (Foto: Deputado Silas C\u00e2mara\/Instagram)<\/sup><\/p>\n\n\n\n<p>Mendon\u00e7a confessou que enfrentou dias dif\u00edceis, nos quais n\u00e3o tinha \u201cfor\u00e7as de levantar da cama\u201d. Mesmo sentindo-se exausto durante o processo, ele via a m\u00e3o de Deus agindo e o sustento das ora\u00e7\u00f5es.&nbsp;<\/p>\n\n\n\n<p>\u201cO que aconteceu essa semana foi promessa de 20 anos atr\u00e1s\u201d, acrescentou. \u201cQuando Deus entra numa batalha, Ele n\u00e3o perde. Quando o prop\u00f3sito \u00e9 de Deus, pode se levantar quem for, o nome Dele n\u00e3o sucumbe. Ele n\u00e3o abre m\u00e3o da honra e da gl\u00f3ria Dele\u201d.<\/p>\n\n\n\n<p>O novo ministro lembrou que dentro do STF n\u00e3o estar\u00e1 atuando na fun\u00e7\u00e3o de pastor, mas ressaltou que os valores de Deus est\u00e3o dentro de quem ele \u00e9. \u201cO Andr\u00e9 n\u00e3o chega l\u00e1 com o t\u00edtulo de pastor. Mas o Andr\u00e9 chega com a hist\u00f3ria de uma vida louvada a Deus. Isso \u00e9 hist\u00f3ria de vida, ningu\u00e9m vai renunciar a si mesmo, renunciar ao que a gente \u00e9\u201d, declarou.<\/p>\n","protected":false},"excerpt":{"rendered":"<p>O&nbsp;novo ministro aprovado para o Supremo Tribunal Federal&nbsp;(STF), Andr\u00e9 Mendon\u00e7a, pregou em um audit\u00f3rio da C\u00e2mara dos Deputados nesta quarta-feira (8), durante um culto de encerramento dos trabalhos legislativos do Congresso Nacional. Ao longo de sua mensagem, Mendon\u00e7a falou sobre a imagem que repercutiu da primeira-dama,\u00a0Michelle Bolsonaro, orando em l\u00ednguas\u00a0ao celebrar sua aprova\u00e7\u00e3o. Michelle foi [&hellip;]<\/p>\n","protected":false},"author":2,"featured_media":10023,"comment_status":"open","ping_status":"open","sticky":false,"template":"","format":"standard","meta":[],"categories":[5,4],"tags":[],"_links":{"self":[{"href":"https:\/\/dgospel.com.br\/portal\/index.php\/wp-json\/wp\/v2\/posts\/10022"}],"collection":[{"href":"https:\/\/dgospel.com.br\/portal\/index.php\/wp-json\/wp\/v2\/posts"}],"about":[{"href":"https:\/\/dgospel.com.br\/portal\/index.php\/wp-json\/wp\/v2\/types\/post"}],"author":[{"embeddable":true,"href":"https:\/\/dgospel.com.br\/portal\/index.php\/wp-json\/wp\/v2\/users\/2"}],"replies":[{"embeddable":true,"href":"https:\/\/dgospel.com.br\/portal\/index.php\/wp-json\/wp\/v2\/comments?post=10022"}],"version-history":[{"count":1,"href":"https:\/\/dgospel.com.br\/portal\/index.php\/wp-json\/wp\/v2\/posts\/10022\/revisions"}],"predecessor-version":[{"id":10024,"href":"https:\/\/dgospel.com.br\/portal\/index.php\/wp-json\/wp\/v2\/posts\/10022\/revisions\/10024"}],"wp:featuredmedia":[{"embeddable":true,"href":"https:\/\/dgospel.com.br\/portal\/index.php\/wp-json\/wp\/v2\/media\/10023"}],"wp:attachment":[{"href":"https:\/\/dgospel.com.br\/portal\/index.php\/wp-json\/wp\/v2\/media?parent=10022"}],"wp:term":[{"taxonomy":"category","embeddable":true,"href":"https:\/\/dgospel.com.br\/portal\/index.php\/wp-json\/wp\/v2\/categories?post=10022"},{"taxonomy":"post_tag","embeddable":true,"href":"https:\/\/dgospel.com.br\/portal\/index.php\/wp-json\/wp\/v2\/tags?post=10022"}],"curies":[{"name":"wp","href":"https:\/\/api.w.org\/{rel}","templated":true}]}}