{"id":10025,"date":"2021-12-10T10:48:03","date_gmt":"2021-12-10T13:48:03","guid":{"rendered":"http:\/\/dgospel.com.br\/portal\/?p=10025"},"modified":"2021-12-10T10:48:04","modified_gmt":"2021-12-10T13:48:04","slug":"nunes-marques-suspende-julgamento-sobre-linguagem-neutra-nas-escolas","status":"publish","type":"post","link":"https:\/\/dgospel.com.br\/portal\/index.php\/2021\/12\/10\/nunes-marques-suspende-julgamento-sobre-linguagem-neutra-nas-escolas\/","title":{"rendered":"Nunes Marques suspende julgamento sobre linguagem neutra nas escolas"},"content":{"rendered":"\n<p>Um pedido de destaque do ministro Nunes Marques, no Supremo Tribunal Federal, suspendeu nesta ter\u00e7a-feira (7\/12) o julgamento sobre&nbsp;<strong><a href=\"https:\/\/www.guiame.com.br\/gospel\/noticias\/governo-proibe-linguagem-neutra-em-projetos-culturais-com-dinheiro-publico.html\">linguagem neutra<\/a><\/strong>&nbsp;na grade curricular no material did\u00e1tico de institui\u00e7\u00f5es de ensino, p\u00fablicas e privadas, e em editais de concursos p\u00fablicos.<\/p>\n\n\n\n<p>A a\u00e7\u00e3o estava sendo examinada no Plen\u00e1rio Virtual da Corte e, com o pedido do magistrado, dever\u00e1 ser analisada no Plen\u00e1rio f\u00edsico, em data a ser marcada pelo presidente Luiz Fux.<\/p>\n\n\n\n<p>O caso em destaque \u00e9 uma lei do estado de Rond\u00f4nia que pro\u00edbe a linguagem neutra. O ministro&nbsp;<strong><a href=\"https:\/\/www.guiame.com.br\/gospel\/noticias\/ministro-do-stf-suspende-lei-que-proibe-uso-da-linguagem-neutra-em-escolas-de-rondonia.html\">Luiz Edson Fachin<\/a><\/strong>&nbsp;j\u00e1 havia votado por suspender a lei.&nbsp; A decis\u00e3o liminar foi tomada nos autos de uma a\u00e7\u00e3o direta de inconstitucionalidade e estava sendo submetida a referendo do Plen\u00e1rio at\u00e9 Nunes Marques pedir destaque.<\/p>\n\n\n\n<p>Na a\u00e7\u00e3o, a Confedera\u00e7\u00e3o Nacional dos Trabalhadores em Estabelecimentos de Ensino (Contee) sustenta, entre outros pontos, que a Lei estadual 5.123\/2021, a pretexto da defesa do aprendizado da l\u00edngua portuguesa de acordo com a norma culta e as orienta\u00e7\u00f5es legais de ensino, apresenta preconceitos e intoler\u00e2ncias incompat\u00edveis com a ordem democr\u00e1tica e com valores humanos.<\/p>\n\n\n\n<p>Segundo o relator, no exerc\u00edcio de sua compet\u00eancia constitucional privativa para legislar sobre diretrizes e bases da educa\u00e7\u00e3o, a Uni\u00e3o editou a Lei de Diretrizes e Bases da Educa\u00e7\u00e3o Nacional e, embasado nela, o Minist\u00e9rio da Educa\u00e7\u00e3o edita os par\u00e2metros curriculares nacionais, que estabelecem como objetivo o conhecimento e a valoriza\u00e7\u00e3o das diferentes variedades da l\u00edngua portuguesa, a fim de combater o preconceito lingu\u00edstico.<\/p>\n\n\n\n<p>Para o relator, a lei estadual, ao proibir determinado uso da linguagem, atenta contra as normas editadas pela Uni\u00e3o, no leg\u00edtimo exerc\u00edcio de sua compet\u00eancia privativa. &#8220;A pretexto de valorizar a norma culta, ela acaba por proibir uma forma de express\u00e3o&#8221;, afirmou.<\/p>\n\n\n\n<p>No retorno da a\u00e7\u00e3o ao plen\u00e1rio, possivelmente&nbsp;<strong><a href=\"https:\/\/www.guiame.com.br\/gospel\/noticias\/um-salto-para-os-evangelicos-diz-andre-mendonca-apos-ser-aprovado-para-o-stf.html\">Andr\u00e9 Mendon\u00e7a<\/a><\/strong>, que teve o nome rec\u00e9m-aprovado em sabatina no Senado para ministro do STF, dever\u00e1 compor a corte.<\/p>\n","protected":false},"excerpt":{"rendered":"<p>Um pedido de destaque do ministro Nunes Marques, no Supremo Tribunal Federal, suspendeu nesta ter\u00e7a-feira (7\/12) o julgamento sobre&nbsp;linguagem neutra&nbsp;na grade curricular no material did\u00e1tico de institui\u00e7\u00f5es de ensino, p\u00fablicas e privadas, e em editais de concursos p\u00fablicos. A a\u00e7\u00e3o estava sendo examinada no Plen\u00e1rio Virtual da Corte e, com o pedido do magistrado, dever\u00e1 [&hellip;]<\/p>\n","protected":false},"author":2,"featured_media":10026,"comment_status":"open","ping_status":"open","sticky":false,"template":"","format":"standard","meta":[],"categories":[4],"tags":[14],"_links":{"self":[{"href":"https:\/\/dgospel.com.br\/portal\/index.php\/wp-json\/wp\/v2\/posts\/10025"}],"collection":[{"href":"https:\/\/dgospel.com.br\/portal\/index.php\/wp-json\/wp\/v2\/posts"}],"about":[{"href":"https:\/\/dgospel.com.br\/portal\/index.php\/wp-json\/wp\/v2\/types\/post"}],"author":[{"embeddable":true,"href":"https:\/\/dgospel.com.br\/portal\/index.php\/wp-json\/wp\/v2\/users\/2"}],"replies":[{"embeddable":true,"href":"https:\/\/dgospel.com.br\/portal\/index.php\/wp-json\/wp\/v2\/comments?post=10025"}],"version-history":[{"count":1,"href":"https:\/\/dgospel.com.br\/portal\/index.php\/wp-json\/wp\/v2\/posts\/10025\/revisions"}],"predecessor-version":[{"id":10027,"href":"https:\/\/dgospel.com.br\/portal\/index.php\/wp-json\/wp\/v2\/posts\/10025\/revisions\/10027"}],"wp:featuredmedia":[{"embeddable":true,"href":"https:\/\/dgospel.com.br\/portal\/index.php\/wp-json\/wp\/v2\/media\/10026"}],"wp:attachment":[{"href":"https:\/\/dgospel.com.br\/portal\/index.php\/wp-json\/wp\/v2\/media?parent=10025"}],"wp:term":[{"taxonomy":"category","embeddable":true,"href":"https:\/\/dgospel.com.br\/portal\/index.php\/wp-json\/wp\/v2\/categories?post=10025"},{"taxonomy":"post_tag","embeddable":true,"href":"https:\/\/dgospel.com.br\/portal\/index.php\/wp-json\/wp\/v2\/tags?post=10025"}],"curies":[{"name":"wp","href":"https:\/\/api.w.org\/{rel}","templated":true}]}}