{"id":10028,"date":"2021-12-10T10:56:12","date_gmt":"2021-12-10T13:56:12","guid":{"rendered":"http:\/\/dgospel.com.br\/portal\/?p=10028"},"modified":"2021-12-10T10:56:13","modified_gmt":"2021-12-10T13:56:13","slug":"justica-rejeita-denuncia-do-mp-contra-padre-que-reprovou-homossexualidade","status":"publish","type":"post","link":"https:\/\/dgospel.com.br\/portal\/index.php\/2021\/12\/10\/justica-rejeita-denuncia-do-mp-contra-padre-que-reprovou-homossexualidade\/","title":{"rendered":"Justi\u00e7a rejeita den\u00fancia do MP contra padre que reprovou homossexualidade"},"content":{"rendered":"\n<p> Um padre que expressou de forma enf\u00e1tica sua reprova\u00e7\u00e3o aos relacionamentos homossexuais foi denunciado pelo Minist\u00e9rio P\u00fablico por homofobia, mas a Justi\u00e7a rejeitou a den\u00fancia e reiterou os conceitos de liberdade religiosa e de express\u00e3o. <\/p>\n\n\n\n<p>O padre Paulo Ant\u00f4nio M\u00fcller, do Mato Grosso, comentou um v\u00eddeo sobre a uni\u00e3o civil de dois rep\u00f3rteres da&nbsp;<em>TV Globo<\/em>, reprovando o comportamento e fazendo uso de linguagem coloquial durante a missa do dia 13 de junho de 2021.<\/p>\n\n\n\n<p>Na ocasi\u00e3o, o padre expressou rep\u00fadio \u00e0 uni\u00e3o homossexual e reiterou a convic\u00e7\u00e3o em torno do casamento b\u00edblico: \u201cDois veados, me desculpa, mas dois veados. Um rep\u00f3rter e um viadinho, chamado Pedrinho. \u2018Prepara meu almo\u00e7o que estou chegando com saudade\u2019. Rid\u00edculo\u201d, disse o padre.<\/p>\n\n\n\n<p>\u201cDeus criou homem e mulher, isso \u00e9 casamento. Que chamem a uni\u00e3o de dois veados e duas l\u00e9sbicas como querem,\u00a0<a href=\"https:\/\/noticias.gospelmais.com.br\/feminismo-catolicas-igrejas-padres-pro-aborto-150406.html\"><strong>mas n\u00e3o de casamento, por favor<\/strong><\/a>. Isso \u00e9 falta de respeito com Deus, isso \u00e9 sacril\u00e9gio, blasf\u00eamia. Casamento \u00e9 coisa bonita e digna\u201d, acrescentou o sacerdote da Par\u00f3quia Nossa Senhora Aparecida de Tarupah.<\/p>\n\n\n\n<h2>A den\u00fancia<\/h2>\n\n\n\n<p>O Minist\u00e9rio P\u00fablico tomou conhecimento das cr\u00edticas feitas pelo padre e o denunciou por homofobia. No entanto, o juiz Bruno C\u00e9sar Singulano Fran\u00e7a, da Vara \u00danica de Tapurah, cidade a 414 km de Cuiab\u00e1, rejeitou a den\u00fancia.<\/p>\n\n\n\n<p>O juiz afirmou que o padre tem direito \u201c\u00e0 liberdade de express\u00e3o\u201d, e acrescentou que \u201cqualquer religi\u00e3o busca o aperfei\u00e7oamento da conduta humana\u201d, fazendo men\u00e7\u00f5es tamb\u00e9m ao islamismo e juda\u00edsmo como exemplos.<\/p>\n\n\n\n<p>\u201cOra, concitar os fieis \u00e0 reprova\u00e7\u00e3o dessa ou daquela conduta \u00e9 algo natural e que se observa em qualquer religi\u00e3o, uma vez que a maioria delas busca o aperfei\u00e7oamento da conduta humana, a eleva\u00e7\u00e3o do esp\u00edrito e a reprova\u00e7\u00e3o de atos e pr\u00e1ticas consideradas n\u00e3o saud\u00e1veis espiritualmente para aquele determinado credo\u201d, conceituou Fran\u00e7a.<\/p>\n\n\n\n<p>Na mesma decis\u00e3o, o juiz acrescentou que \u201c\u00e9 natural em qualquer grupo religioso que se recrimine condutas e o cristianismo est\u00e1 permeado de exemplos em que se desestimula a conduta humana desagrad\u00e1vel a Deus, o que se denominou de pecado\u201d.<\/p>\n\n\n\n<p>\u201cEntretanto, da mesma doutrina crist\u00e3 extrai-se ordenan\u00e7a de que aquela pessoa que pratica a transgress\u00e3o seja tratada com o devido afeto\u201d, pontuou Fran\u00e7a, acrescentando que o Direito n\u00e3o deve considerar algo como discurso de \u00f3dio somente porque \u00e9 inc\u00f4modo aos ouvidos: \u201cA democracia \u00e9 baseada na pluralidade de ideias, muitas delas d\u00edspares e repelentes umas das outras. Calar um dos argumentos contr\u00e1rios \u00e0s pr\u00f3prias convic\u00e7\u00f5es \u00e9 conduta que n\u00e3o se coaduna com o atual est\u00e1gio civilizat\u00f3rio e do avan\u00e7o do Direito\u201d.<\/p>\n\n\n\n<p>Segundo o&nbsp;<a target=\"_blank\" href=\"https:\/\/g1.globo.com\/mt\/mato-grosso\/noticia\/2021\/12\/06\/juiz-rejeita-denuncia-de-homofobia-contra-padre-de-mt-que-chamou-reporter-de-viadinho-durante-missa.ghtml\" rel=\"noreferrer noopener\"><em>G1<\/em><\/a>, o Minist\u00e9rio P\u00fablico, que entendeu que \u201cas declara\u00e7\u00f5es do padre extrapolaram a liberdade religiosa\u201d, prometeu recorrer da decis\u00e3o da Justi\u00e7a em primeira inst\u00e2ncia.<\/p>\n\n\n\n<p>A decis\u00e3o do Supremo Tribunal Federal que equiparou \u201chomofobia\u201d ao crime de racismo, por\u00e9m, resguardou o discurso religioso a respeito da homossexualidade.<\/p>\n\n\n\n<figure class=\"wp-block-image\"><a href=\"https:\/\/globoplay.globo.com\/v\/9614182\/\"><img src=\"https:\/\/noticias.gospelmais.com.br\/files\/2021\/12\/padre-antonio-muller-600x334.jpg\" alt=\"Justi\u00e7a rejeita den\u00fancia do MP contra padre que reprovou homossexualidade em serm\u00e3o\" class=\"wp-image-150818\"\/><\/a><figcaption>Captura de tela de reportagem da TV Globo sobre o caso; Clique na imagem para assistir ao v\u00eddeo<\/figcaption><\/figure>\n\n\n\n<p><\/p>\n","protected":false},"excerpt":{"rendered":"<p>Um padre que expressou de forma enf\u00e1tica sua reprova\u00e7\u00e3o aos relacionamentos homossexuais foi denunciado pelo Minist\u00e9rio P\u00fablico por homofobia, mas a Justi\u00e7a rejeitou a den\u00fancia e reiterou os conceitos de liberdade religiosa e de express\u00e3o. O padre Paulo Ant\u00f4nio M\u00fcller, do Mato Grosso, comentou um v\u00eddeo sobre a uni\u00e3o civil de dois rep\u00f3rteres da&nbsp;TV Globo, [&hellip;]<\/p>\n","protected":false},"author":2,"featured_media":10029,"comment_status":"open","ping_status":"open","sticky":false,"template":"","format":"standard","meta":[],"categories":[5],"tags":[],"_links":{"self":[{"href":"https:\/\/dgospel.com.br\/portal\/index.php\/wp-json\/wp\/v2\/posts\/10028"}],"collection":[{"href":"https:\/\/dgospel.com.br\/portal\/index.php\/wp-json\/wp\/v2\/posts"}],"about":[{"href":"https:\/\/dgospel.com.br\/portal\/index.php\/wp-json\/wp\/v2\/types\/post"}],"author":[{"embeddable":true,"href":"https:\/\/dgospel.com.br\/portal\/index.php\/wp-json\/wp\/v2\/users\/2"}],"replies":[{"embeddable":true,"href":"https:\/\/dgospel.com.br\/portal\/index.php\/wp-json\/wp\/v2\/comments?post=10028"}],"version-history":[{"count":1,"href":"https:\/\/dgospel.com.br\/portal\/index.php\/wp-json\/wp\/v2\/posts\/10028\/revisions"}],"predecessor-version":[{"id":10030,"href":"https:\/\/dgospel.com.br\/portal\/index.php\/wp-json\/wp\/v2\/posts\/10028\/revisions\/10030"}],"wp:featuredmedia":[{"embeddable":true,"href":"https:\/\/dgospel.com.br\/portal\/index.php\/wp-json\/wp\/v2\/media\/10029"}],"wp:attachment":[{"href":"https:\/\/dgospel.com.br\/portal\/index.php\/wp-json\/wp\/v2\/media?parent=10028"}],"wp:term":[{"taxonomy":"category","embeddable":true,"href":"https:\/\/dgospel.com.br\/portal\/index.php\/wp-json\/wp\/v2\/categories?post=10028"},{"taxonomy":"post_tag","embeddable":true,"href":"https:\/\/dgospel.com.br\/portal\/index.php\/wp-json\/wp\/v2\/tags?post=10028"}],"curies":[{"name":"wp","href":"https:\/\/api.w.org\/{rel}","templated":true}]}}