{"id":10031,"date":"2021-12-10T11:00:59","date_gmt":"2021-12-10T14:00:59","guid":{"rendered":"http:\/\/dgospel.com.br\/portal\/?p=10031"},"modified":"2021-12-10T11:01:00","modified_gmt":"2021-12-10T14:01:00","slug":"parte-da-bancada-evangelica-articula-indicacao-do-candidato-a-vice-na-chapa-de-bolsonaro","status":"publish","type":"post","link":"https:\/\/dgospel.com.br\/portal\/index.php\/2021\/12\/10\/parte-da-bancada-evangelica-articula-indicacao-do-candidato-a-vice-na-chapa-de-bolsonaro\/","title":{"rendered":"Parte da bancada evang\u00e9lica articula indica\u00e7\u00e3o do candidato a vice na chapa de Bolsonaro"},"content":{"rendered":"\n<p> O cen\u00e1rio pol\u00edtico indica que o presidente Jair Bolsonaro n\u00e3o convidar\u00e1 o general Hamilton Mour\u00e3o (PRTB) para compor sua chapa como vice na candidatura \u00e0 reelei\u00e7\u00e3o, e o grupo de apoiadores do governo ligado aos evang\u00e9licos estaria cogitando sugerir um nome do segmento para a vaga. <\/p>\n\n\n\n<p>O principal articulador dessa tentativa seria o&nbsp;<a href=\"https:\/\/noticias.gospelmais.com.br\/tag\/republicanos\"><strong>Republicanos<\/strong><\/a>, partido ligado \u00e0 Igreja Universal e integrante do chamado Centr\u00e3o, grupo de parlamentares no Congresso Nacional, de diversas legendas, que forma a base de apoio ao governo.<\/p>\n\n\n\n<p>Integrantes do Republicanos, que abriga os pastores Marco Feliciano (SP), Silas C\u00e2mara (AM) e Jo\u00e3o Campos (GO), dentre outros, estariam sentindo certo desprest\u00edgio ap\u00f3s a filia\u00e7\u00e3o do presidente ao PL, j\u00e1 que Bolsonaro estaria criando meios para que ministros e outros parlamentares tamb\u00e9m se filiem ao PL.<\/p>\n\n\n\n<p>De acordo com a\u00a0<a rel=\"noreferrer noopener\" target=\"_blank\" href=\"https:\/\/noticias.uol.com.br\/ultimas-noticias\/agencia-estado\/2021\/12\/03\/evangelicos-querem-vaga-de-vice-de-bolsonaro.htm\"><em>Ag\u00eancia Estado<\/em><\/a>, h\u00e1 tamb\u00e9m rumores de que o presidente teria se comprometido a escolher um vice do Progressistas, legenda que abriga o presidente da C\u00e2mara, Arthur Lira (AL).<\/p>\n\n\n\n<p>A jornalista Vera Rosa noticiou que \u201cintegrantes do Republicanos dizem que, para n\u00e3o ser derrotado na disputa de 2022, Bolsonaro precisa agora selar um novo pacto, mas com a c\u00fapula das igrejas e dos templos\u201d.<\/p>\n\n\n\n<p>Na \u00faltima quarta-feira, 08 de dezembro, Bolsonaro concedeu entrevista ao jornal&nbsp;<a target=\"_blank\" href=\"https:\/\/www.youtube.com\/watch?v=CsvxMUXJTrM\" rel=\"noreferrer noopener\"><em>Gazeta do Povo<\/em><\/a>&nbsp;e afirmou que estuda convidar um pol\u00edtico de Minas Gerais ou do Nordeste para compor sua chapa como vice.<\/p>\n\n\n\n<p>O cen\u00e1rio atual mostra uma investida franca do ex-presidente Lula (PT) na tentativa de se reaproximar dos evang\u00e9licos. Como n\u00e3o encontrou acolhimento entre as lideran\u00e7as, o petista vem tentando atrair os fi\u00e9is de maneira direta, atrav\u00e9s de declara\u00e7\u00f5es feitas em entrevistas ou&nbsp;<em>lives<\/em>.<\/p>\n\n\n\n<p>Enquanto isso, aliados tentam minimizar as insatisfa\u00e7\u00f5es: \u201cO Republicanos foi o primeiro partido a ter minist\u00e9rio no governo Bolsonaro. \u00c9 natural, agora, que o vice seja de um partido com tempo de TV e estrutura, como o PP [Progresistas]\u201d, comentou o pastor e deputado federal S\u00f3stenes Cavalcante (DEM-RJ).<\/p>\n\n\n\n<p>O ministro das Comunica\u00e7\u00f5es, F\u00e1bio Faria (PSD-RN), tem as credenciais consideradas ideais: \u00e9 evang\u00e9lico, o que atenderia aos desejos dos l\u00edderes das igrejas, \u00e9 nordestino e est\u00e1 em negocia\u00e7\u00e3o para migrar para o Progressistas.<\/p>\n\n\n\n<p>Bolsonaro, por\u00e9m, declarou que a escolha do vice \u201cainda vai demorar\u201d, e conta com o tempo para que todos seus aliados se sintam atendidos.<\/p>\n","protected":false},"excerpt":{"rendered":"<p>O cen\u00e1rio pol\u00edtico indica que o presidente Jair Bolsonaro n\u00e3o convidar\u00e1 o general Hamilton Mour\u00e3o (PRTB) para compor sua chapa como vice na candidatura \u00e0 reelei\u00e7\u00e3o, e o grupo de apoiadores do governo ligado aos evang\u00e9licos estaria cogitando sugerir um nome do segmento para a vaga. O principal articulador dessa tentativa seria o&nbsp;Republicanos, partido ligado [&hellip;]<\/p>\n","protected":false},"author":2,"featured_media":10032,"comment_status":"open","ping_status":"open","sticky":false,"template":"","format":"standard","meta":[],"categories":[4],"tags":[14],"_links":{"self":[{"href":"https:\/\/dgospel.com.br\/portal\/index.php\/wp-json\/wp\/v2\/posts\/10031"}],"collection":[{"href":"https:\/\/dgospel.com.br\/portal\/index.php\/wp-json\/wp\/v2\/posts"}],"about":[{"href":"https:\/\/dgospel.com.br\/portal\/index.php\/wp-json\/wp\/v2\/types\/post"}],"author":[{"embeddable":true,"href":"https:\/\/dgospel.com.br\/portal\/index.php\/wp-json\/wp\/v2\/users\/2"}],"replies":[{"embeddable":true,"href":"https:\/\/dgospel.com.br\/portal\/index.php\/wp-json\/wp\/v2\/comments?post=10031"}],"version-history":[{"count":1,"href":"https:\/\/dgospel.com.br\/portal\/index.php\/wp-json\/wp\/v2\/posts\/10031\/revisions"}],"predecessor-version":[{"id":10033,"href":"https:\/\/dgospel.com.br\/portal\/index.php\/wp-json\/wp\/v2\/posts\/10031\/revisions\/10033"}],"wp:featuredmedia":[{"embeddable":true,"href":"https:\/\/dgospel.com.br\/portal\/index.php\/wp-json\/wp\/v2\/media\/10032"}],"wp:attachment":[{"href":"https:\/\/dgospel.com.br\/portal\/index.php\/wp-json\/wp\/v2\/media?parent=10031"}],"wp:term":[{"taxonomy":"category","embeddable":true,"href":"https:\/\/dgospel.com.br\/portal\/index.php\/wp-json\/wp\/v2\/categories?post=10031"},{"taxonomy":"post_tag","embeddable":true,"href":"https:\/\/dgospel.com.br\/portal\/index.php\/wp-json\/wp\/v2\/tags?post=10031"}],"curies":[{"name":"wp","href":"https:\/\/api.w.org\/{rel}","templated":true}]}}