{"id":1004,"date":"2018-08-14T17:34:26","date_gmt":"2018-08-14T20:34:26","guid":{"rendered":"http:\/\/dgospel.com.br\/portal\/?p=1004"},"modified":"2018-08-14T17:34:26","modified_gmt":"2018-08-14T20:34:26","slug":"tse-deve-cobrar-de-marcelo-miranda-r-15-milhoes-gastos-com-eleicao-suplementar","status":"publish","type":"post","link":"https:\/\/dgospel.com.br\/portal\/index.php\/2018\/08\/14\/tse-deve-cobrar-de-marcelo-miranda-r-15-milhoes-gastos-com-eleicao-suplementar\/","title":{"rendered":"TSE deve cobrar de Marcelo Miranda R$ 15 milh\u00f5es gastos com elei\u00e7\u00e3o suplementar"},"content":{"rendered":"<p>O Tribunal Superior Eleitoral (TSE) assinou nesta ter\u00e7a-feira, 13, um acordo com a Advocacia-Geral da Uni\u00e3o (AGU) para viabilizar a cobran\u00e7a dos gastos da Justi\u00e7a Eleitoral com a realiza\u00e7\u00e3o de novas elei\u00e7\u00f5es ap\u00f3s a cassa\u00e7\u00e3o do mandato dos eleitos, como foi o caso do Tocantins, onde Marcelo Miranda (MDB) foi cassado em mar\u00e7o por uso de caixa 2 nas elei\u00e7\u00f5es de 2014.<\/p>\n<p>O acordo foi assinado na tarde dessa segunda-feira, 13, pelo presidente do TSE, ministro Luiz Fux, que ser\u00e1 sucedido nesta quarta-feira, 14, pela ministra do Supremo Tribunal Federal (STF) Rosa Weber. A ministra permanecer\u00e1 no cargo at\u00e9 2020.<\/p>\n<p>Segundo Fux, todas as verbas que forem gastas pela Justi\u00e7a Eleitoral para custear as elei\u00e7\u00f5es suplementares dever\u00e3o ser ressarcidas. A cobran\u00e7a deve ocorrer por meio de uma a\u00e7\u00e3o movida pela AGU na Justi\u00e7a. \u201cO pr\u00f3prio Supremo Tribunal Federal entendeu que quem concorre a qualquer tipo de cargo ou concurso, com base em liminar, fica sujeito, como dizia o saudoso Barbosa Moreira [jurista], a chuvas e trovoadas\u201d, disse o ministro Fux.<\/p>\n<p>Desde as elei\u00e7\u00f5es de 2014, a AGU recorre \u00e0 Justi\u00e7a para recuperar os custos de novas elei\u00e7\u00f5es.\u00a0Em mar\u00e7o, por exemplo, o Tribunal Regional Eleitoral (TRE) do Tocantins gastou cerca de R$ 15 milh\u00f5es para organizar o novo pleito para o governo do Estado em fun\u00e7\u00e3o da cassa\u00e7\u00e3o do ex-governador Marcelo Miranda.\u00a0<em>(Com informa\u00e7\u00f5es da Ag\u00eancia Brasil)<\/em><\/p>\n<h1><\/h1>\n<p>&nbsp;<\/p>\n","protected":false},"excerpt":{"rendered":"<p>O Tribunal Superior Eleitoral (TSE) assinou nesta ter\u00e7a-feira, 13, um acordo com a Advocacia-Geral da Uni\u00e3o (AGU) para viabilizar a cobran\u00e7a dos gastos da Justi\u00e7a Eleitoral com a realiza\u00e7\u00e3o de novas elei\u00e7\u00f5es ap\u00f3s a cassa\u00e7\u00e3o do mandato dos eleitos, como foi o caso do Tocantins, onde Marcelo Miranda (MDB) foi cassado em mar\u00e7o por uso [&hellip;]<\/p>\n","protected":false},"author":2,"featured_media":1005,"comment_status":"open","ping_status":"open","sticky":false,"template":"","format":"standard","meta":[],"categories":[2,3,4],"tags":[],"_links":{"self":[{"href":"https:\/\/dgospel.com.br\/portal\/index.php\/wp-json\/wp\/v2\/posts\/1004"}],"collection":[{"href":"https:\/\/dgospel.com.br\/portal\/index.php\/wp-json\/wp\/v2\/posts"}],"about":[{"href":"https:\/\/dgospel.com.br\/portal\/index.php\/wp-json\/wp\/v2\/types\/post"}],"author":[{"embeddable":true,"href":"https:\/\/dgospel.com.br\/portal\/index.php\/wp-json\/wp\/v2\/users\/2"}],"replies":[{"embeddable":true,"href":"https:\/\/dgospel.com.br\/portal\/index.php\/wp-json\/wp\/v2\/comments?post=1004"}],"version-history":[{"count":1,"href":"https:\/\/dgospel.com.br\/portal\/index.php\/wp-json\/wp\/v2\/posts\/1004\/revisions"}],"predecessor-version":[{"id":1006,"href":"https:\/\/dgospel.com.br\/portal\/index.php\/wp-json\/wp\/v2\/posts\/1004\/revisions\/1006"}],"wp:featuredmedia":[{"embeddable":true,"href":"https:\/\/dgospel.com.br\/portal\/index.php\/wp-json\/wp\/v2\/media\/1005"}],"wp:attachment":[{"href":"https:\/\/dgospel.com.br\/portal\/index.php\/wp-json\/wp\/v2\/media?parent=1004"}],"wp:term":[{"taxonomy":"category","embeddable":true,"href":"https:\/\/dgospel.com.br\/portal\/index.php\/wp-json\/wp\/v2\/categories?post=1004"},{"taxonomy":"post_tag","embeddable":true,"href":"https:\/\/dgospel.com.br\/portal\/index.php\/wp-json\/wp\/v2\/tags?post=1004"}],"curies":[{"name":"wp","href":"https:\/\/api.w.org\/{rel}","templated":true}]}}