{"id":10047,"date":"2021-12-14T13:49:04","date_gmt":"2021-12-14T16:49:04","guid":{"rendered":"http:\/\/dgospel.com.br\/portal\/?p=10047"},"modified":"2021-12-14T13:54:01","modified_gmt":"2021-12-14T16:54:01","slug":"pastor-antonio-xavier-e-reeleito-primeiro-vice-presidente-da-ciadseta","status":"publish","type":"post","link":"https:\/\/dgospel.com.br\/portal\/index.php\/2021\/12\/14\/pastor-antonio-xavier-e-reeleito-primeiro-vice-presidente-da-ciadseta\/","title":{"rendered":"Pastor Ant\u00f4nio Xavier \u00e9 reeleito primeiro vice-presidente da CIADSETA"},"content":{"rendered":"\n<p><em>O pastor&nbsp;<\/em>Ant\u00f4nio Xavier dos Santos\nVale, foi reeleito primeiro vice-presidente da Conven\u00e7\u00e3o Interestadual das\nAssembleias do Seta (CIADSETA), no \u00faltimo s\u00e1bado, 11 de dezembro, durante a 82\u00aa AGO da institui\u00e7\u00e3o realizada nos dias 10\na 12 deste m\u00eas, em Aragua\u00edna regi\u00e3o norte do Estado do Tocantins.\nDurante a AGO aconteceu elei\u00e7\u00e3o da Mesa Diretora e do Conselho Fiscal da\nentidade.<\/p>\n\n\n\n<p><em>O pastor \u00e9&nbsp;<\/em>Ant\u00f4nio Xavier que j\u00e1\nexercia o cardo de primeiro vice-presidente foi reeleito com 395 votos, contra\n274 do seu concorrente, pastor Genial Gomes, que exercia o cardo de segundo\nvice-presidente da Conven\u00e7\u00e3o. <\/p>\n\n\n\n<p>&nbsp;Considerado uma refer\u00eancia de<em>&nbsp;integridade\nmoral e, um grande conservador da s\u00e3 doutrina e dos bons costumes, pastor\n\u00e9&nbsp;<\/em>Ant\u00f4nio Xavier<em>,<\/em>&nbsp;\u00e9 presidente\nda Assembleia de Deus Palmas Centro, e a mais de 30 anos faz parte do Conselho\nde Doutrina da&nbsp;<em>CGADB, um dos mais importante\nConselho da institui\u00e7\u00e3o.<\/em><em><\/em><\/p>\n\n\n\n<p>O seu car\u00e1ter e a folha de trabalho prestado \u00e0 CGADB e a\nCIADSETA, o credenciou para ser reconduzido ao cargo de Primeiro Vice-Presidente\nda Mesa Diretora para mais quatro anos, e assim continuar servindo a Conven\u00e7\u00e3o\nao lado do presidente pastor Paulo Martins Neto, dois homens honrados e\ndedicados \u00e0 obra de Deus. &nbsp;<\/p>\n\n\n\n<p>Na oportunidade o Pastor Ant\u00f4nio Xavier reafirmou o compromisso\ncom a Conven\u00e7\u00e3o e com os ministros. \u201cFinalizamos esse processo de cabe\u00e7a\nerguida, muito tranquilo, pois fizemos uma campanha limpa, transparente e\nsempre respeito nosso concorrente, tenho certeza de a vontade de Deus\nprevaleceu. Reafirmo o meu compromisso com esta institui\u00e7\u00e3o e com todos os\nconvencionais que s\u00e3o homens de Deus\u201d<\/p>\n\n\n\n<p>\u201cAgrade\u00e7o a Deus por tudo, agrade\u00e7o ao nosso l\u00edder,\npastor Paulo Martins que sempre manteve o equilibre e a ordem durante esse\nprocesso eleitoral, agrade\u00e7o aos meus companheiros de chapa e todos os coordenadores,\ncolaboradores e todos os convencionais. Toda a nossa equipe que sempre defendeu\na uni\u00e3o e a paz na nossa conven\u00e7\u00e3o\u201d, disse. &nbsp;<strong><\/strong><\/p>\n\n\n\n<p>O Conselho Eclesi\u00e1stico que \u00e9 respons\u00e1vel pela\naprova\u00e7\u00e3o de candidaturas, elei\u00e7\u00e3o e posse da Mesa Diretora e Conselho Fiscal,\nempossou a nova Mesa Diretora. A cerim\u00f4nia de posse foi dirigida pelo pastor\nJos\u00e9 de Ribamar, presidente do Conselho Eclesi\u00e1stico. A solenidade aconteceu na\nmanh\u00e3 do dia 12 de dezembro durante a 82\u00ba AGO.<\/p>\n\n\n\n<p>\u00a0O pastor Paulo Martins Neto, que n\u00e3o teve concorrente, foi reeleito presidente da institui\u00e7\u00e3o por aclama\u00e7\u00e3o e, com ele tamb\u00e9m foram aclamados, o 5\u00ba vice-presidente, o 1\u00ba secret\u00e1rio, o 1\u00ba e o 2\u00ba tesoureiros. O evento tamb\u00e9m marcou a nova composi\u00e7\u00e3o do Conselho Fiscal. <\/p>\n\n\n\n<p><\/p>\n\n\n\n<figure class=\"wp-block-image\"><img loading=\"lazy\" width=\"417\" height=\"756\" src=\"http:\/\/dgospel.com.br\/portal\/wp-content\/uploads\/2021\/12\/pastor-Xavier.jpg\" alt=\"\" class=\"wp-image-10049\" srcset=\"https:\/\/dgospel.com.br\/portal\/wp-content\/uploads\/2021\/12\/pastor-Xavier.jpg 417w, https:\/\/dgospel.com.br\/portal\/wp-content\/uploads\/2021\/12\/pastor-Xavier-165x300.jpg 165w\" sizes=\"(max-width: 417px) 100vw, 417px\" \/><\/figure>\n\n\n\n<p><strong>A composi\u00e7\u00e3o da Mesa\nDiretora da CIADSETA para o pr\u00f3ximo quadri\u00eanio.<\/strong><\/p>\n\n\n\n<p>Presidente: Pr. Paulo Martins Neto<\/p>\n\n\n\n<p>1\u00ba vice-presidente: Pr. Ant\u00f4nio Xavier dos Santos Vale<\/p>\n\n\n\n<p>2\u00ba vice-presidente: Pr. Jo\u00e3o Carmo<\/p>\n\n\n\n<p>3\u00ba vice-presidente: Pr. Abra\u00e3o Fonseca <\/p>\n\n\n\n<p>4\u00ba vice-presidente: Pr. Robervaldo <\/p>\n\n\n\n<p>5\u00ba vice-presidente: Pr. Jo\u00e3o Batista C\u00e2mara <\/p>\n\n\n\n<p><strong>Secret\u00e1rios<\/strong><\/p>\n\n\n\n<p>1\u00ba Pr. Augusto Morais <\/p>\n\n\n\n<p>2\u00ba Pr. Marcos Bogeia <\/p>\n\n\n\n<p>3\u00ba Pr. Marcelo Farias <\/p>\n\n\n\n<p>4\u00ba Pr. Josivan Medeiros:<\/p>\n\n\n\n<p><strong>Secret\u00e1rio Adjunto<\/strong><\/p>\n\n\n\n<p>Pr. Mau\u00e9s Pontes:<\/p>\n\n\n\n<p><strong>Tesoureiros<\/strong><\/p>\n\n\n\n<p>1\u00ba Pr. Nelson <\/p>\n\n\n\n<p>2\u00ba Pr. Manoel Messias <\/p>\n\n\n\n<p>3\u00ba Pr. Cainn\u00e3<\/p>\n\n\n\n<p><strong>Conselho Fiscal<\/strong><\/p>\n\n\n\n<p>Presidente: Pr. Silvino Leit\u00e3o <\/p>\n\n\n\n<p>Secret\u00e1rio: Pr. Raimundo Dias<\/p>\n\n\n\n<p>Relator: Pr. Natanael.<\/p>\n","protected":false},"excerpt":{"rendered":"<p>O pastor&nbsp;Ant\u00f4nio Xavier dos Santos Vale, foi reeleito primeiro vice-presidente da Conven\u00e7\u00e3o Interestadual das Assembleias do Seta (CIADSETA), no \u00faltimo s\u00e1bado, 11 de dezembro, durante a 82\u00aa AGO da institui\u00e7\u00e3o realizada nos dias 10 a 12 deste m\u00eas, em Aragua\u00edna regi\u00e3o norte do Estado do Tocantins. Durante a AGO aconteceu elei\u00e7\u00e3o da Mesa Diretora e [&hellip;]<\/p>\n","protected":false},"author":2,"featured_media":10051,"comment_status":"open","ping_status":"open","sticky":false,"template":"","format":"standard","meta":[],"categories":[5],"tags":[],"_links":{"self":[{"href":"https:\/\/dgospel.com.br\/portal\/index.php\/wp-json\/wp\/v2\/posts\/10047"}],"collection":[{"href":"https:\/\/dgospel.com.br\/portal\/index.php\/wp-json\/wp\/v2\/posts"}],"about":[{"href":"https:\/\/dgospel.com.br\/portal\/index.php\/wp-json\/wp\/v2\/types\/post"}],"author":[{"embeddable":true,"href":"https:\/\/dgospel.com.br\/portal\/index.php\/wp-json\/wp\/v2\/users\/2"}],"replies":[{"embeddable":true,"href":"https:\/\/dgospel.com.br\/portal\/index.php\/wp-json\/wp\/v2\/comments?post=10047"}],"version-history":[{"count":1,"href":"https:\/\/dgospel.com.br\/portal\/index.php\/wp-json\/wp\/v2\/posts\/10047\/revisions"}],"predecessor-version":[{"id":10050,"href":"https:\/\/dgospel.com.br\/portal\/index.php\/wp-json\/wp\/v2\/posts\/10047\/revisions\/10050"}],"wp:featuredmedia":[{"embeddable":true,"href":"https:\/\/dgospel.com.br\/portal\/index.php\/wp-json\/wp\/v2\/media\/10051"}],"wp:attachment":[{"href":"https:\/\/dgospel.com.br\/portal\/index.php\/wp-json\/wp\/v2\/media?parent=10047"}],"wp:term":[{"taxonomy":"category","embeddable":true,"href":"https:\/\/dgospel.com.br\/portal\/index.php\/wp-json\/wp\/v2\/categories?post=10047"},{"taxonomy":"post_tag","embeddable":true,"href":"https:\/\/dgospel.com.br\/portal\/index.php\/wp-json\/wp\/v2\/tags?post=10047"}],"curies":[{"name":"wp","href":"https:\/\/api.w.org\/{rel}","templated":true}]}}