{"id":10052,"date":"2021-12-14T14:03:54","date_gmt":"2021-12-14T17:03:54","guid":{"rendered":"http:\/\/dgospel.com.br\/portal\/?p=10052"},"modified":"2021-12-14T14:03:55","modified_gmt":"2021-12-14T17:03:55","slug":"wanderlei-barbosa-recebe-titulo-de-cidadao-gurupiense-e-reforca-compromisso-com-desenvolvimento-da-cidade","status":"publish","type":"post","link":"https:\/\/dgospel.com.br\/portal\/index.php\/2021\/12\/14\/wanderlei-barbosa-recebe-titulo-de-cidadao-gurupiense-e-reforca-compromisso-com-desenvolvimento-da-cidade\/","title":{"rendered":"Wanderlei Barbosa recebe T\u00edtulo de Cidad\u00e3o Gurupiense e refor\u00e7a compromisso com desenvolvimento da cidade"},"content":{"rendered":"\n<p>O governador em exerc\u00edcio do Estado do Tocantins, Wanderlei Barbosa, agora \u00e9 cidad\u00e3o gurupiense. A honraria foi entregue nessa segunda-feira, 13, pela C\u00e2mara de Vereadores da cidade, em cerim\u00f4nia realizada no Centro Cultural Mauro Cunha.&nbsp;<\/p>\n\n\n\n<p>Al\u00e9m do Governador, outras 23 personalidades e autoridades municipais e estaduais foram homenageadas, dentre as quais, o presidente da Assembleia Legislativa do Tocantins, deputado Antonio Andrade. O T\u00edtulo ao governador Wanderlei Barbosa foi uma propositura da vereadora D\u00e9bora Ribeiro, aprovado por unanimidade pela Casa de Leis e sancionado pela prefeita de Gurupi Josi Nunes.<\/p>\n\n\n\n<p>O Governador destacou a alegria em receber a mais alta condecora\u00e7\u00e3o de Gurupi e reafirmou o compromisso com o desenvolvimento do munic\u00edpio. &#8220;Esse reconhecimento a partir desse t\u00edtulo nos d\u00e1 orgulho e tranquilidade para trabalhar por essa cidade. O nosso Governo \u00e9 pautado pela coer\u00eancia e converg\u00eancia com todos os segmentos para melhor atender as demandas locais e do Estado de uma forma geral&#8221;, ressaltou.&nbsp;<\/p>\n\n\n\n<p>&nbsp;Wanderlei Barbosa acentuou que Gurupi constitui um polo educacional, comercial, industrial e de sa\u00fade e que a sua gest\u00e3o sempre ser\u00e1 pautada pela boa rela\u00e7\u00e3o institucional.<\/p>\n\n\n\n<p>O presidente da C\u00e2mara Municipal, Rodrigo Maciel, enalteceu o comprometimento dos homenageados com o desenvolvimento de Gurupi. &#8220;Esses t\u00edtulos s\u00e3o respeitados pelos 15 vereadores da Casa de Leis. Por tr\u00e1s de cada homenageado certamente existe uma hist\u00f3ria de luta&#8221;, frisou.<\/p>\n\n\n\n<p>A vereadora D\u00e9bora Ribeiro sustentou que o Governador prestou relevantes servi\u00e7os ao munic\u00edpio e ao Tocantins. &#8220;\u00c9 uma das pessoas que faz por merecer esse t\u00edtulo e foi uma honra muito grande poder entregar a honraria. \u00c9 uma pessoa humilde e s\u00e1bia para conduzir esse Estado&#8221;, ressaltou.<\/p>\n\n\n\n<figure class=\"wp-block-image\"><img src=\"https:\/\/central.to.gov.br\/image\/274338?w=670&amp;h=383\" alt=\"\"\/><\/figure>\n\n\n\n<p>Outras 23 personalidades e autoridades municipais e estaduais foram homenageadas, dentre as quais, o presidente da Assembleia Legislativa do Tocantins, deputado Antonio Andrade &#8211; Esequias Ara\u00fajo\/Governo do Tocantins.<\/p>\n\n\n\n<figure class=\"wp-block-image\"><img src=\"https:\/\/central.to.gov.br\/image\/274339?w=670&amp;h=383\" alt=\"\"\/><\/figure>\n\n\n\n<p>T\u00edtulo ao governador Wanderlei Barbosa foi uma propositura da vereadora D\u00e9bora Ribeiro, aprovado por unanimidade pela Casa de Leis e sancionado pela prefeita de Gurupi Josi Nunes &#8211; Esequias Ara\u00fajo\/Governo do Tocantins.<\/p>\n\n\n\n<figure class=\"wp-block-image\"><img src=\"https:\/\/central.to.gov.br\/image\/274340?w=670&amp;h=383\" alt=\"\"\/><\/figure>\n\n\n\n<p>Governador Wanderlei Barbosa acentuou que Gurupi constitui um polo educacional, comercial, industrial e de sa\u00fade e que a sua gest\u00e3o sempre ser\u00e1 pautada pela boa rela\u00e7\u00e3o institucional &#8211; Esequias Ara\u00fajo\/Governo do Tocantins\u00a0<\/p>\n\n\n\n<figure class=\"wp-block-image\"><img src=\"https:\/\/central.to.gov.br\/image\/274341?w=670&amp;h=383\" alt=\"\"\/><\/figure>\n\n\n\n<p>Vereadora D\u00e9bora Ribeiro, sustentou que o Governador prestou relevantes servi\u00e7os ao munic\u00edpio e ao Tocantins &#8211; Esequias Ara\u00fajo\/Governo do Tocantins\n\n<\/p>\n","protected":false},"excerpt":{"rendered":"<p>O governador em exerc\u00edcio do Estado do Tocantins, Wanderlei Barbosa, agora \u00e9 cidad\u00e3o gurupiense. A honraria foi entregue nessa segunda-feira, 13, pela C\u00e2mara de Vereadores da cidade, em cerim\u00f4nia realizada no Centro Cultural Mauro Cunha.&nbsp; Al\u00e9m do Governador, outras 23 personalidades e autoridades municipais e estaduais foram homenageadas, dentre as quais, o presidente da Assembleia [&hellip;]<\/p>\n","protected":false},"author":2,"featured_media":10053,"comment_status":"open","ping_status":"open","sticky":false,"template":"","format":"standard","meta":[],"categories":[4],"tags":[13],"_links":{"self":[{"href":"https:\/\/dgospel.com.br\/portal\/index.php\/wp-json\/wp\/v2\/posts\/10052"}],"collection":[{"href":"https:\/\/dgospel.com.br\/portal\/index.php\/wp-json\/wp\/v2\/posts"}],"about":[{"href":"https:\/\/dgospel.com.br\/portal\/index.php\/wp-json\/wp\/v2\/types\/post"}],"author":[{"embeddable":true,"href":"https:\/\/dgospel.com.br\/portal\/index.php\/wp-json\/wp\/v2\/users\/2"}],"replies":[{"embeddable":true,"href":"https:\/\/dgospel.com.br\/portal\/index.php\/wp-json\/wp\/v2\/comments?post=10052"}],"version-history":[{"count":1,"href":"https:\/\/dgospel.com.br\/portal\/index.php\/wp-json\/wp\/v2\/posts\/10052\/revisions"}],"predecessor-version":[{"id":10054,"href":"https:\/\/dgospel.com.br\/portal\/index.php\/wp-json\/wp\/v2\/posts\/10052\/revisions\/10054"}],"wp:featuredmedia":[{"embeddable":true,"href":"https:\/\/dgospel.com.br\/portal\/index.php\/wp-json\/wp\/v2\/media\/10053"}],"wp:attachment":[{"href":"https:\/\/dgospel.com.br\/portal\/index.php\/wp-json\/wp\/v2\/media?parent=10052"}],"wp:term":[{"taxonomy":"category","embeddable":true,"href":"https:\/\/dgospel.com.br\/portal\/index.php\/wp-json\/wp\/v2\/categories?post=10052"},{"taxonomy":"post_tag","embeddable":true,"href":"https:\/\/dgospel.com.br\/portal\/index.php\/wp-json\/wp\/v2\/tags?post=10052"}],"curies":[{"name":"wp","href":"https:\/\/api.w.org\/{rel}","templated":true}]}}