{"id":10064,"date":"2021-12-14T14:20:50","date_gmt":"2021-12-14T17:20:50","guid":{"rendered":"http:\/\/dgospel.com.br\/portal\/?p=10064"},"modified":"2021-12-14T14:20:51","modified_gmt":"2021-12-14T17:20:51","slug":"governo-do-tocantins-e-entidades-representativas-do-trade-turistico-reforcam-parceria","status":"publish","type":"post","link":"https:\/\/dgospel.com.br\/portal\/index.php\/2021\/12\/14\/governo-do-tocantins-e-entidades-representativas-do-trade-turistico-reforcam-parceria\/","title":{"rendered":"Governo do Tocantins e entidades representativas do trade tur\u00edstico refor\u00e7am parceria"},"content":{"rendered":"\n<p>O fortalecimento da parceria institucional entre o Governo do Tocantins, por meio da Ag\u00eancia de Desenvolvimento do Turismo, Cultura e Economia (Adetuc), e as entidades representativas do trade tur\u00edstico foi pauta de reuni\u00e3o realizada nessa segunda, 13, quando o presidente da Pasta, Hercy Filho, recebeu o presidente da Federa\u00e7\u00e3o do Com\u00e9rcio de Bens, Servi\u00e7os e Turismo do Estado do Tocantins (Fecom\u00e9rcio), Itelvino Pisoni; o presidente do Conselho Estadual de Conselho Empresarial de Turismo e Hospitalidade (Cetur), Marcelo Perim; e o presidente da Associa\u00e7\u00e3o Brasileira de Ag\u00eancias de Viagem no Tocantins (Abav), Rodolfo Ferreira. Tamb\u00e9m participou da reuni\u00e3o a superintendente de Turismo, Maria Ant\u00f4nia Valadares.<\/p>\n\n\n\n<p>\u201cPrecisamos somar esfor\u00e7os no sentido de para fortalecer a cadeia do turismo, que impacta diretamente mais de 50 atividades\u201d, ressaltou Hercy Filho, lembrando que o comprometimento com o social \u00e9 uma das bases da atual gest\u00e3o estadual na condu\u00e7\u00e3o de a\u00e7\u00f5es voltadas ao fortalecimento do setor econ\u00f4mico. Lembrou, tamb\u00e9m, que \u00e9 preciso projetar Palmas e seus atrativos tur\u00edsticos, j\u00e1 que a Capital \u00e9 a principal porta de entrada para as regi\u00f5es tur\u00edsticas.&nbsp;<\/p>\n\n\n\n<p>Itelvino Pisoni ressaltou que a Fecom\u00e9rcio tem uma grande abrang\u00eancia, com representa\u00e7\u00e3o nos setores de bens, servi\u00e7os e turismo, e que \u00e9 necess\u00e1ria a uni\u00e3o de esfor\u00e7os e boas propostas para contemplar a todos.<\/p>\n\n\n\n<p>Marcelo Perim e Rodolfo Ferreira tamb\u00e9m ressaltaram o trabalho que vem sendo desenvolvido nos \u00faltimos anos para o fortalecimento do setor e o aprimoramento do receptivo, sendo os projetos de qualifica\u00e7\u00e3o uma das bandeiras do setor.<\/p>\n\n\n\n<p><strong>Cetur<\/strong><\/p>\n\n\n\n<p>No final da tarde desta segunda, 13, o presidente da Adetuc participou da reuni\u00e3o do Cetur na sede da Fecom\u00e9rcio. Ao abrir a reuni\u00e3o, o presidente da Fecom\u00e9rcio, Itelvino Pisoni ressaltou a preocupa\u00e7\u00e3o com a melhoria das condi\u00e7\u00f5es de atendimento ao turista.<\/p>\n\n\n\n<p>O presidente do Cetur, Marcelo Perim fez a apresenta\u00e7\u00e3o do trabalho desenvolvido pelo Conselho ao longo de 2021 e dos projetos previstos para o pr\u00f3ximo ano. &#8220;Queremos fazer um trabalho profissional, com capta\u00e7\u00e3o de recursos e envolvimento dos empres\u00e1rios&#8221;, afirmou.<\/p>\n\n\n\n<p>O presidente da Adetuc, Hercy Filho ressaltou o interesse do governador Wanderlei Barbosa na estrutura\u00e7\u00e3o do turismo tocantinense e defendeu a necessidade e estimular os empres\u00e1rios a se formalizarem e cadastrarem no Cadastro de Prestadores de Servi\u00e7os Tur\u00edsticos (Cadastur), do Minist\u00e9rio do Turismo.<\/p>\n\n\n\n<figure class=\"wp-block-image\"><img src=\"https:\/\/central.to.gov.br\/image\/274373?w=670&amp;h=383\" alt=\"\"\/><\/figure>\n\n\n\n<p>\u00daltima reuni\u00e3o do Cetur em 2021 ocorreu na sede da Fecom\u00e9rcio &#8211; Adetuc\/Governo do Tocantins\n\n<\/p>\n","protected":false},"excerpt":{"rendered":"<p>O fortalecimento da parceria institucional entre o Governo do Tocantins, por meio da Ag\u00eancia de Desenvolvimento do Turismo, Cultura e Economia (Adetuc), e as entidades representativas do trade tur\u00edstico foi pauta de reuni\u00e3o realizada nessa segunda, 13, quando o presidente da Pasta, Hercy Filho, recebeu o presidente da Federa\u00e7\u00e3o do Com\u00e9rcio de Bens, Servi\u00e7os e [&hellip;]<\/p>\n","protected":false},"author":2,"featured_media":10065,"comment_status":"open","ping_status":"open","sticky":false,"template":"","format":"standard","meta":[],"categories":[3],"tags":[],"_links":{"self":[{"href":"https:\/\/dgospel.com.br\/portal\/index.php\/wp-json\/wp\/v2\/posts\/10064"}],"collection":[{"href":"https:\/\/dgospel.com.br\/portal\/index.php\/wp-json\/wp\/v2\/posts"}],"about":[{"href":"https:\/\/dgospel.com.br\/portal\/index.php\/wp-json\/wp\/v2\/types\/post"}],"author":[{"embeddable":true,"href":"https:\/\/dgospel.com.br\/portal\/index.php\/wp-json\/wp\/v2\/users\/2"}],"replies":[{"embeddable":true,"href":"https:\/\/dgospel.com.br\/portal\/index.php\/wp-json\/wp\/v2\/comments?post=10064"}],"version-history":[{"count":1,"href":"https:\/\/dgospel.com.br\/portal\/index.php\/wp-json\/wp\/v2\/posts\/10064\/revisions"}],"predecessor-version":[{"id":10066,"href":"https:\/\/dgospel.com.br\/portal\/index.php\/wp-json\/wp\/v2\/posts\/10064\/revisions\/10066"}],"wp:featuredmedia":[{"embeddable":true,"href":"https:\/\/dgospel.com.br\/portal\/index.php\/wp-json\/wp\/v2\/media\/10065"}],"wp:attachment":[{"href":"https:\/\/dgospel.com.br\/portal\/index.php\/wp-json\/wp\/v2\/media?parent=10064"}],"wp:term":[{"taxonomy":"category","embeddable":true,"href":"https:\/\/dgospel.com.br\/portal\/index.php\/wp-json\/wp\/v2\/categories?post=10064"},{"taxonomy":"post_tag","embeddable":true,"href":"https:\/\/dgospel.com.br\/portal\/index.php\/wp-json\/wp\/v2\/tags?post=10064"}],"curies":[{"name":"wp","href":"https:\/\/api.w.org\/{rel}","templated":true}]}}