{"id":1007,"date":"2018-08-15T17:53:41","date_gmt":"2018-08-15T20:53:41","guid":{"rendered":"http:\/\/dgospel.com.br\/portal\/?p=1007"},"modified":"2018-08-15T17:53:41","modified_gmt":"2018-08-15T20:53:41","slug":"eduardo-do-dertins-acredita-que-carlesse-sera-eleito-ja-no-primeiro-turno","status":"publish","type":"post","link":"https:\/\/dgospel.com.br\/portal\/index.php\/2018\/08\/15\/eduardo-do-dertins-acredita-que-carlesse-sera-eleito-ja-no-primeiro-turno\/","title":{"rendered":"Eduardo do Dertins acredita que Carlesse ser\u00e1 eleito j\u00e1 no primeiro turno"},"content":{"rendered":"<p class=\"yiv6374808028MsoNormal\">O deputado estadual Eduardo Bonagura (Eduardo do Dertins) (foto), presidente estadual do PPS e candidato \u00e0 reelei\u00e7\u00e3o para a Assembleia Legislativa, reafirmou nesta ter\u00e7a-feira, 14, o seu apoio \u00e0 candidatura de Mauro Carlesse ao Governo do Estado nestas elei\u00e7\u00f5es de 7 de outubro.<\/p>\n<p class=\"yiv6374808028MsoNormal\">Eduardo do Dertins destacou que \u00e9 companheiro de primeira hora do atual Governador e que tem plena confian\u00e7a de que o projeto de Carlesse \u00e9 o melhor para o Tocantins. \u201cSou parceiro do governador Carlesse desde que ele se candidatou a presidente da Assembleia Legislativa. Estivemos juntos na elei\u00e7\u00e3o suplementar, e agora, vamos manter essa parceria, pois entendo que a estabilidade \u00e9 muito importante para garantir o desenvolvimento do nosso Estado\u201d, declarou o parlamentar.<\/p>\n<p class=\"yiv6374808028MsoNormal\">O deputado explicou que a forma\u00e7\u00e3o de uma chapa proporcional fora do chamado \u201cchap\u00e3o\u201d, em nada interfere no apoio a Carlesse, que se mant\u00e9m dentre todos os partidos da base do Governo. \u201cNa elei\u00e7\u00e3o proporcional existe a articula\u00e7\u00e3o dos candidatos visando a melhor condi\u00e7\u00e3o para elei\u00e7\u00e3o de seus integrantes. Mas isso em nada altera o nosso apoio ao governador Carlesse. E vamos trabalhar para decidir logo essa elei\u00e7\u00e3o com a vit\u00f3ria do nosso governador Carlesse j\u00e1 no primeiro turno\u201d, assegurou Bonagura.<\/p>\n","protected":false},"excerpt":{"rendered":"<p>O deputado estadual Eduardo Bonagura (Eduardo do Dertins) (foto), presidente estadual do PPS e candidato \u00e0 reelei\u00e7\u00e3o para a Assembleia Legislativa, reafirmou nesta ter\u00e7a-feira, 14, o seu apoio \u00e0 candidatura de Mauro Carlesse ao Governo do Estado nestas elei\u00e7\u00f5es de 7 de outubro. Eduardo do Dertins destacou que \u00e9 companheiro de primeira hora do atual [&hellip;]<\/p>\n","protected":false},"author":2,"featured_media":1008,"comment_status":"open","ping_status":"open","sticky":false,"template":"","format":"standard","meta":[],"categories":[2,4],"tags":[],"_links":{"self":[{"href":"https:\/\/dgospel.com.br\/portal\/index.php\/wp-json\/wp\/v2\/posts\/1007"}],"collection":[{"href":"https:\/\/dgospel.com.br\/portal\/index.php\/wp-json\/wp\/v2\/posts"}],"about":[{"href":"https:\/\/dgospel.com.br\/portal\/index.php\/wp-json\/wp\/v2\/types\/post"}],"author":[{"embeddable":true,"href":"https:\/\/dgospel.com.br\/portal\/index.php\/wp-json\/wp\/v2\/users\/2"}],"replies":[{"embeddable":true,"href":"https:\/\/dgospel.com.br\/portal\/index.php\/wp-json\/wp\/v2\/comments?post=1007"}],"version-history":[{"count":1,"href":"https:\/\/dgospel.com.br\/portal\/index.php\/wp-json\/wp\/v2\/posts\/1007\/revisions"}],"predecessor-version":[{"id":1009,"href":"https:\/\/dgospel.com.br\/portal\/index.php\/wp-json\/wp\/v2\/posts\/1007\/revisions\/1009"}],"wp:featuredmedia":[{"embeddable":true,"href":"https:\/\/dgospel.com.br\/portal\/index.php\/wp-json\/wp\/v2\/media\/1008"}],"wp:attachment":[{"href":"https:\/\/dgospel.com.br\/portal\/index.php\/wp-json\/wp\/v2\/media?parent=1007"}],"wp:term":[{"taxonomy":"category","embeddable":true,"href":"https:\/\/dgospel.com.br\/portal\/index.php\/wp-json\/wp\/v2\/categories?post=1007"},{"taxonomy":"post_tag","embeddable":true,"href":"https:\/\/dgospel.com.br\/portal\/index.php\/wp-json\/wp\/v2\/tags?post=1007"}],"curies":[{"name":"wp","href":"https:\/\/api.w.org\/{rel}","templated":true}]}}