{"id":10070,"date":"2021-12-14T18:26:43","date_gmt":"2021-12-14T21:26:43","guid":{"rendered":"http:\/\/dgospel.com.br\/portal\/?p=10070"},"modified":"2021-12-14T18:26:44","modified_gmt":"2021-12-14T21:26:44","slug":"mpf-ira-apurar-falta-de-questoes-lgbtqia-no-censo-2022","status":"publish","type":"post","link":"https:\/\/dgospel.com.br\/portal\/index.php\/2021\/12\/14\/mpf-ira-apurar-falta-de-questoes-lgbtqia-no-censo-2022\/","title":{"rendered":"MPF ir\u00e1 apurar falta de quest\u00f5es LGBTQIA+ no Censo 2022"},"content":{"rendered":"\n<p> O Minist\u00e9rio P\u00fablico Federal (MPF) no Acre abriu um inqu\u00e9rito para investigar a falta de perguntas de identifica\u00e7\u00e3o da comunidade LGBTQIA+ no Censo de 2022. A inten\u00e7\u00e3o do inqu\u00e9rito \u00e9 apurar se h\u00e1 irregularidade devido aos question\u00e1rios n\u00e3o possu\u00edrem os campos \u201cidentidade de g\u00eanero\u201d e \u201corienta\u00e7\u00e3o sexual\u201d. <\/p>\n\n\n\n<p> Em novembro deste ano, o MP j\u00e1 havia aberto uma apura\u00e7\u00e3o preliminar sobre a quest\u00e3o. Na ocasi\u00e3o, o Instituto Brasileiro de Geografia e Estat\u00edstica (IBGE) chegou a informar, em nota, que a \u201cinvestiga\u00e7\u00e3o de g\u00eanero \u00e9 considerada como quesito sens\u00edvel, ou seja, quesito que pode ser considerado invasivo e pessoal pelo respondente, podendo impactar na coleta de todas as demais informa\u00e7\u00f5es\u201d. <\/p>\n\n\n\n<p>O IBGE tamb\u00e9m apontou, no m\u00eas passado, que \u201cquest\u00f5es de identifica\u00e7\u00e3o que exigem o pr\u00f3prio como respondente n\u00e3o s\u00e3o compat\u00edveis com uma opera\u00e7\u00e3o censit\u00e1ria, a qual tem um morador por domic\u00edlio que responde por si e pelos demais moradores, a garantir a qualidade de seus resultados, n\u00e3o havendo como mudar esse aspecto t\u00e9cnico-operacional para o\u201d Censo 2022, al\u00e9m de explicar que o \u201ctema j\u00e1 foi objeto de an\u00e1lise da Justi\u00e7a, que, em decis\u00e3o transitada em julgado, proferida em A\u00e7\u00e3o Civil P\u00fablica, reconheceu os argumentos t\u00e9cnicos do IBGE\u201d.<\/p>\n\n\n\n<p>Ao portal G1, o procurador Lucas Costa Almeida Dias explicou que a investiga\u00e7\u00e3o tem por objetivo apurar uma \u201ceventual irregularidade\u201d no Censo 2022 ao n\u00e3o incluir os \u201ccampos de identifica\u00e7\u00e3o da \u2018identidade de g\u00eanero\u2019 e \u2018orienta\u00e7\u00e3o sexual\u2019 nos question\u00e1rios b\u00e1sico e amostral\u201d.<\/p>\n","protected":false},"excerpt":{"rendered":"<p>O Minist\u00e9rio P\u00fablico Federal (MPF) no Acre abriu um inqu\u00e9rito para investigar a falta de perguntas de identifica\u00e7\u00e3o da comunidade LGBTQIA+ no Censo de 2022. A inten\u00e7\u00e3o do inqu\u00e9rito \u00e9 apurar se h\u00e1 irregularidade devido aos question\u00e1rios n\u00e3o possu\u00edrem os campos \u201cidentidade de g\u00eanero\u201d e \u201corienta\u00e7\u00e3o sexual\u201d. Em novembro deste ano, o MP j\u00e1 havia [&hellip;]<\/p>\n","protected":false},"author":2,"featured_media":10071,"comment_status":"open","ping_status":"open","sticky":false,"template":"","format":"standard","meta":[],"categories":[4],"tags":[14],"_links":{"self":[{"href":"https:\/\/dgospel.com.br\/portal\/index.php\/wp-json\/wp\/v2\/posts\/10070"}],"collection":[{"href":"https:\/\/dgospel.com.br\/portal\/index.php\/wp-json\/wp\/v2\/posts"}],"about":[{"href":"https:\/\/dgospel.com.br\/portal\/index.php\/wp-json\/wp\/v2\/types\/post"}],"author":[{"embeddable":true,"href":"https:\/\/dgospel.com.br\/portal\/index.php\/wp-json\/wp\/v2\/users\/2"}],"replies":[{"embeddable":true,"href":"https:\/\/dgospel.com.br\/portal\/index.php\/wp-json\/wp\/v2\/comments?post=10070"}],"version-history":[{"count":1,"href":"https:\/\/dgospel.com.br\/portal\/index.php\/wp-json\/wp\/v2\/posts\/10070\/revisions"}],"predecessor-version":[{"id":10072,"href":"https:\/\/dgospel.com.br\/portal\/index.php\/wp-json\/wp\/v2\/posts\/10070\/revisions\/10072"}],"wp:featuredmedia":[{"embeddable":true,"href":"https:\/\/dgospel.com.br\/portal\/index.php\/wp-json\/wp\/v2\/media\/10071"}],"wp:attachment":[{"href":"https:\/\/dgospel.com.br\/portal\/index.php\/wp-json\/wp\/v2\/media?parent=10070"}],"wp:term":[{"taxonomy":"category","embeddable":true,"href":"https:\/\/dgospel.com.br\/portal\/index.php\/wp-json\/wp\/v2\/categories?post=10070"},{"taxonomy":"post_tag","embeddable":true,"href":"https:\/\/dgospel.com.br\/portal\/index.php\/wp-json\/wp\/v2\/tags?post=10070"}],"curies":[{"name":"wp","href":"https:\/\/api.w.org\/{rel}","templated":true}]}}