{"id":10075,"date":"2021-12-17T15:07:40","date_gmt":"2021-12-17T18:07:40","guid":{"rendered":"http:\/\/dgospel.com.br\/portal\/?p=10075"},"modified":"2021-12-17T15:07:41","modified_gmt":"2021-12-17T18:07:41","slug":"ministro-luiz-edson-fachin-e-eleito-novo-presidente-do-tse","status":"publish","type":"post","link":"https:\/\/dgospel.com.br\/portal\/index.php\/2021\/12\/17\/ministro-luiz-edson-fachin-e-eleito-novo-presidente-do-tse\/","title":{"rendered":"Ministro Luiz Edson Fachin \u00e9 eleito novo presidente do TSE"},"content":{"rendered":"\n<p> O ministro\u00a0<a rel=\"noreferrer noopener\" href=\"http:\/\/pleno.news\/tag\/edson-fachin\" target=\"_blank\">Edson Fachin<\/a>\u00a0foi eleito, nesta sexta-feira (17), o novo presidente do Tribunal Superior Eleitoral (<a rel=\"noreferrer noopener\" href=\"http:\/\/pleno.news\/tag\/tse\" target=\"_blank\">TSE<\/a>). O novo comandante da Corte eleitoral assume a fun\u00e7\u00e3o em 28 de fevereiro, no lugar do ministro\u00a0<a rel=\"noreferrer noopener\" href=\"http:\/\/pleno.news\/tag\/luis-roberto-barroso\" target=\"_blank\">Lu\u00eds Roberto Barroso<\/a>, e ficar\u00e1 \u00e0 frente do TSE apenas at\u00e9 agosto, quando se encerra o per\u00edodo dele de dois anos no TSE. <\/p>\n\n\n\n<p> A regra atual prev\u00ea que ministros do Supremo se dediquem tamb\u00e9m ao TSE por per\u00edodos de dois anos, que podem ser ampliados por mais dois, e, ap\u00f3s esse prazo, devem deixar a fun\u00e7\u00e3o. Como o segundo bi\u00eanio de Fachin termina em agosto, ele dever\u00e1 deixar a presid\u00eancia do TSE. <\/p>\n\n\n\n<p>Ap\u00f3s o fim do mandato de Fachin, em agosto, quem o substituir\u00e1 ser\u00e1 o ministro Alexandre de Moraes. Portanto, \u00e9 Moraes quem conduzir\u00e1 as elei\u00e7\u00f5es do ano que vem. Ele ficar\u00e1 \u00e0 frente da Corte eleitoral at\u00e9 junho de 2024.<\/p>\n\n\n\n<p>A elei\u00e7\u00e3o de Fachin ocorreu no encerramento dos trabalhos do TSE, em 2021, e foi feita de forma eletr\u00f4nica. Foram seis votos a um. Tradicionalmente, o ministro que \u00e9 eleito para comandar a Corte vota no vice. Na quarta, Fachin realizou a primeira reuni\u00e3o de transi\u00e7\u00e3o com a equipe que far\u00e1 parte da nova administra\u00e7\u00e3o.<\/p>\n\n\n\n<p>O TSE \u00e9 composto por sete ministros \u2013 tr\u00eas do Supremo Tribunal Federal (STF), dois do Superior Tribunal de Justi\u00e7a (STJ) e dois juristas nomeados pelo presidente da Rep\u00fablica entre advogados de not\u00e1vel saber jur\u00eddico e idoneidade moral, a partir de lista tr\u00edplice indicada pelo STF.<\/p>\n","protected":false},"excerpt":{"rendered":"<p>O ministro\u00a0Edson Fachin\u00a0foi eleito, nesta sexta-feira (17), o novo presidente do Tribunal Superior Eleitoral (TSE). O novo comandante da Corte eleitoral assume a fun\u00e7\u00e3o em 28 de fevereiro, no lugar do ministro\u00a0Lu\u00eds Roberto Barroso, e ficar\u00e1 \u00e0 frente do TSE apenas at\u00e9 agosto, quando se encerra o per\u00edodo dele de dois anos no TSE. A [&hellip;]<\/p>\n","protected":false},"author":2,"featured_media":10076,"comment_status":"open","ping_status":"open","sticky":false,"template":"","format":"standard","meta":[],"categories":[4],"tags":[14],"_links":{"self":[{"href":"https:\/\/dgospel.com.br\/portal\/index.php\/wp-json\/wp\/v2\/posts\/10075"}],"collection":[{"href":"https:\/\/dgospel.com.br\/portal\/index.php\/wp-json\/wp\/v2\/posts"}],"about":[{"href":"https:\/\/dgospel.com.br\/portal\/index.php\/wp-json\/wp\/v2\/types\/post"}],"author":[{"embeddable":true,"href":"https:\/\/dgospel.com.br\/portal\/index.php\/wp-json\/wp\/v2\/users\/2"}],"replies":[{"embeddable":true,"href":"https:\/\/dgospel.com.br\/portal\/index.php\/wp-json\/wp\/v2\/comments?post=10075"}],"version-history":[{"count":1,"href":"https:\/\/dgospel.com.br\/portal\/index.php\/wp-json\/wp\/v2\/posts\/10075\/revisions"}],"predecessor-version":[{"id":10077,"href":"https:\/\/dgospel.com.br\/portal\/index.php\/wp-json\/wp\/v2\/posts\/10075\/revisions\/10077"}],"wp:featuredmedia":[{"embeddable":true,"href":"https:\/\/dgospel.com.br\/portal\/index.php\/wp-json\/wp\/v2\/media\/10076"}],"wp:attachment":[{"href":"https:\/\/dgospel.com.br\/portal\/index.php\/wp-json\/wp\/v2\/media?parent=10075"}],"wp:term":[{"taxonomy":"category","embeddable":true,"href":"https:\/\/dgospel.com.br\/portal\/index.php\/wp-json\/wp\/v2\/categories?post=10075"},{"taxonomy":"post_tag","embeddable":true,"href":"https:\/\/dgospel.com.br\/portal\/index.php\/wp-json\/wp\/v2\/tags?post=10075"}],"curies":[{"name":"wp","href":"https:\/\/api.w.org\/{rel}","templated":true}]}}