{"id":10078,"date":"2021-12-17T15:24:26","date_gmt":"2021-12-17T18:24:26","guid":{"rendered":"http:\/\/dgospel.com.br\/portal\/?p=10078"},"modified":"2021-12-17T15:24:27","modified_gmt":"2021-12-17T18:24:27","slug":"em-discurso-mendonca-destaca-compromisso-com-democracia","status":"publish","type":"post","link":"https:\/\/dgospel.com.br\/portal\/index.php\/2021\/12\/17\/em-discurso-mendonca-destaca-compromisso-com-democracia\/","title":{"rendered":"Em discurso, Mendon\u00e7a destaca compromisso com democracia"},"content":{"rendered":"\n<p> Nesta quinta-feira (16), durante discurso ap\u00f3s sua posse no Supremo Tribunal Federal (STF), o novo ministro da Corte, Andr\u00e9 Mendon\u00e7a, disse que seu compromisso no STF ser\u00e1 de \u201cmanter a democracia\u201d, obedecendo ao que diz a Constitui\u00e7\u00e3o Federal. <\/p>\n\n\n\n<figure class=\"wp-block-image\"><img src=\"https:\/\/static.cdn.pleno.news\/2021\/12\/51751832284_475eb04913_c.jpg\" alt=\"\" class=\"wp-image-859838\"\/><\/figure>\n\n\n\n<p>Posse de Andr\u00e9 Mendon\u00e7a no STF&nbsp;Foto: Fellipe Sampaio\/SCO\/STF\n\n<\/p>\n\n\n\n<p> Mendon\u00e7a destacou que ir\u00e1 defender \u201ca Justi\u00e7a enquanto ideal que n\u00f3s todos buscamos\u201d. As informa\u00e7\u00f5es s\u00e3o do portal Metr\u00f3poles. <\/p>\n\n\n\n<p>Em entrevista coletiva, na sa\u00edda do STF, o novo ministro afirmou que reconhece a import\u00e2ncia do trabalho da imprensa. Ele pediu ainda que \u201cDeus aben\u00e7oe\u201d todos os jornalistas.<\/p>\n\n\n\n<p>\u2013 Voc\u00eas [profissionais da imprensa] s\u00e3o fundamentais para a constru\u00e7\u00e3o do nosso pa\u00eds e para a constru\u00e7\u00e3o da nossa democracia. Contem tamb\u00e9m sempre com o meu respeito e a minha defesa irrestrita da liberdade e das prerrogativas do livre exerc\u00edcio dos jornalistas e da imprensa \u2013 declarou.<\/p>\n","protected":false},"excerpt":{"rendered":"<p>Nesta quinta-feira (16), durante discurso ap\u00f3s sua posse no Supremo Tribunal Federal (STF), o novo ministro da Corte, Andr\u00e9 Mendon\u00e7a, disse que seu compromisso no STF ser\u00e1 de \u201cmanter a democracia\u201d, obedecendo ao que diz a Constitui\u00e7\u00e3o Federal. Posse de Andr\u00e9 Mendon\u00e7a no STF&nbsp;Foto: Fellipe Sampaio\/SCO\/STF Mendon\u00e7a destacou que ir\u00e1 defender \u201ca Justi\u00e7a enquanto ideal [&hellip;]<\/p>\n","protected":false},"author":2,"featured_media":10079,"comment_status":"open","ping_status":"open","sticky":false,"template":"","format":"standard","meta":[],"categories":[4],"tags":[14],"_links":{"self":[{"href":"https:\/\/dgospel.com.br\/portal\/index.php\/wp-json\/wp\/v2\/posts\/10078"}],"collection":[{"href":"https:\/\/dgospel.com.br\/portal\/index.php\/wp-json\/wp\/v2\/posts"}],"about":[{"href":"https:\/\/dgospel.com.br\/portal\/index.php\/wp-json\/wp\/v2\/types\/post"}],"author":[{"embeddable":true,"href":"https:\/\/dgospel.com.br\/portal\/index.php\/wp-json\/wp\/v2\/users\/2"}],"replies":[{"embeddable":true,"href":"https:\/\/dgospel.com.br\/portal\/index.php\/wp-json\/wp\/v2\/comments?post=10078"}],"version-history":[{"count":1,"href":"https:\/\/dgospel.com.br\/portal\/index.php\/wp-json\/wp\/v2\/posts\/10078\/revisions"}],"predecessor-version":[{"id":10080,"href":"https:\/\/dgospel.com.br\/portal\/index.php\/wp-json\/wp\/v2\/posts\/10078\/revisions\/10080"}],"wp:featuredmedia":[{"embeddable":true,"href":"https:\/\/dgospel.com.br\/portal\/index.php\/wp-json\/wp\/v2\/media\/10079"}],"wp:attachment":[{"href":"https:\/\/dgospel.com.br\/portal\/index.php\/wp-json\/wp\/v2\/media?parent=10078"}],"wp:term":[{"taxonomy":"category","embeddable":true,"href":"https:\/\/dgospel.com.br\/portal\/index.php\/wp-json\/wp\/v2\/categories?post=10078"},{"taxonomy":"post_tag","embeddable":true,"href":"https:\/\/dgospel.com.br\/portal\/index.php\/wp-json\/wp\/v2\/tags?post=10078"}],"curies":[{"name":"wp","href":"https:\/\/api.w.org\/{rel}","templated":true}]}}