{"id":10081,"date":"2021-12-17T15:31:12","date_gmt":"2021-12-17T18:31:12","guid":{"rendered":"http:\/\/dgospel.com.br\/portal\/?p=10081"},"modified":"2021-12-17T15:31:12","modified_gmt":"2021-12-17T18:31:12","slug":"cantora-vanilda-bordieri-sofre-mal-subito-afirma-assessoria","status":"publish","type":"post","link":"https:\/\/dgospel.com.br\/portal\/index.php\/2021\/12\/17\/cantora-vanilda-bordieri-sofre-mal-subito-afirma-assessoria\/","title":{"rendered":"Cantora Vanilda Bordieri sofre mal s\u00fabito, afirma assessoria"},"content":{"rendered":"\n<p> A cantora gospel Vanilda Bordieri sofreu um mal s\u00fabito na noite de quinta-feira (16), enquanto cumpria uma agenda na Igreja Assembleia de Deus \u2013 Minist\u00e9rio Fama, na cidade de\u00a0<a rel=\"noreferrer noopener\" href=\"http:\/\/pleno.news\/tag\/goiania\" target=\"_blank\">Goi\u00e2nia<\/a>, capital de\u00a0<a rel=\"noreferrer noopener\" href=\"http:\/\/pleno.news\/tag\/goias\" target=\"_blank\">Goi\u00e1s<\/a>. A informa\u00e7\u00e3o foi divulgada em uma nota emitida pela assessoria da artista e compartilhada nas redes sociais de Vanilda. <\/p>\n\n\n\n<p> De acordo com o comunicado, Bordieri foi \u201cencaminhada desacordada at\u00e9 o hospital mais pr\u00f3ximo, onde foi socorrida\u201d. A assessoria da artista ainda informou que exames preliminares constataram um \u201calto n\u00edvel de stress\u201d da int\u00e9rprete, mas que ela j\u00e1 recebeu alta e est\u00e1 em casa, em \u201crepouso absoluto\u201d. <\/p>\n\n\n\n<p>Confira, na \u00edntegra, a nota emitida pela assessoria:<\/p>\n\n\n\n<p><em>\u201cA assessoria da cantora Vanilda Bordieri vem, por meio desta nota, comunicar que ela sofreu um mal s\u00fabito na noite desta quinta-feira (16), durante sua agenda na Assembleia de Deus \u2013 Minist\u00e9rio Fama, Jardim Serrado 3, estado de Goi\u00e1s.<\/em><\/p>\n\n\n\n<p><em>A cantora foi encaminhada desacordada at\u00e9 o hospital mais pr\u00f3ximo, onde foi socorrida. Nos exames preliminares, foi constatado um \u201calto n\u00edvel de stress\u201d. O estado de sa\u00fade do cantora \u00e9 est\u00e1vel; j\u00e1 encontra-se em casa, em repouso absoluto.<\/em><\/p>\n\n\n\n<p><em>Queremos agradecer [por] todo suporte recebido pelos queridos irm\u00e3os. Rogamos as ora\u00e7\u00f5es de todos em prol da sa\u00fade da mesma\u201d.<\/em><\/p>\n","protected":false},"excerpt":{"rendered":"<p>A cantora gospel Vanilda Bordieri sofreu um mal s\u00fabito na noite de quinta-feira (16), enquanto cumpria uma agenda na Igreja Assembleia de Deus \u2013 Minist\u00e9rio Fama, na cidade de\u00a0Goi\u00e2nia, capital de\u00a0Goi\u00e1s. A informa\u00e7\u00e3o foi divulgada em uma nota emitida pela assessoria da artista e compartilhada nas redes sociais de Vanilda. De acordo com o comunicado, [&hellip;]<\/p>\n","protected":false},"author":2,"featured_media":10082,"comment_status":"open","ping_status":"open","sticky":false,"template":"","format":"standard","meta":[],"categories":[17,5],"tags":[],"_links":{"self":[{"href":"https:\/\/dgospel.com.br\/portal\/index.php\/wp-json\/wp\/v2\/posts\/10081"}],"collection":[{"href":"https:\/\/dgospel.com.br\/portal\/index.php\/wp-json\/wp\/v2\/posts"}],"about":[{"href":"https:\/\/dgospel.com.br\/portal\/index.php\/wp-json\/wp\/v2\/types\/post"}],"author":[{"embeddable":true,"href":"https:\/\/dgospel.com.br\/portal\/index.php\/wp-json\/wp\/v2\/users\/2"}],"replies":[{"embeddable":true,"href":"https:\/\/dgospel.com.br\/portal\/index.php\/wp-json\/wp\/v2\/comments?post=10081"}],"version-history":[{"count":1,"href":"https:\/\/dgospel.com.br\/portal\/index.php\/wp-json\/wp\/v2\/posts\/10081\/revisions"}],"predecessor-version":[{"id":10083,"href":"https:\/\/dgospel.com.br\/portal\/index.php\/wp-json\/wp\/v2\/posts\/10081\/revisions\/10083"}],"wp:featuredmedia":[{"embeddable":true,"href":"https:\/\/dgospel.com.br\/portal\/index.php\/wp-json\/wp\/v2\/media\/10082"}],"wp:attachment":[{"href":"https:\/\/dgospel.com.br\/portal\/index.php\/wp-json\/wp\/v2\/media?parent=10081"}],"wp:term":[{"taxonomy":"category","embeddable":true,"href":"https:\/\/dgospel.com.br\/portal\/index.php\/wp-json\/wp\/v2\/categories?post=10081"},{"taxonomy":"post_tag","embeddable":true,"href":"https:\/\/dgospel.com.br\/portal\/index.php\/wp-json\/wp\/v2\/tags?post=10081"}],"curies":[{"name":"wp","href":"https:\/\/api.w.org\/{rel}","templated":true}]}}