{"id":10084,"date":"2021-12-17T15:35:34","date_gmt":"2021-12-17T18:35:34","guid":{"rendered":"http:\/\/dgospel.com.br\/portal\/?p=10084"},"modified":"2021-12-17T15:35:35","modified_gmt":"2021-12-17T18:35:35","slug":"mendonca-sera-relator-da-acao-de-randolfe-contra-bolsonaro","status":"publish","type":"post","link":"https:\/\/dgospel.com.br\/portal\/index.php\/2021\/12\/17\/mendonca-sera-relator-da-acao-de-randolfe-contra-bolsonaro\/","title":{"rendered":"Mendon\u00e7a ser\u00e1 relator da a\u00e7\u00e3o de Randolfe contra Bolsonaro"},"content":{"rendered":"\n<p> Nesta sexta-feira (17), o ministro Andr\u00e9 Mendon\u00e7a foi sorteado o relator de um processo apresentado ao Supremo Tribunal Federal (STF) pelo senador Randolfe Rodrigues (Rede-AP) contra o presidente Jair Bolsonaro. <\/p>\n\n\n\n<p> A not\u00edcia-crime foi enviada \u00e0 Corte por declara\u00e7\u00f5es dadas pelo presidente durante um evento promovido pela Federa\u00e7\u00e3o das Ind\u00fastrias de S\u00e3o Paulo (Fiesp) e tem como base os crimes de prevarica\u00e7\u00e3o e advocacia administrativa. <\/p>\n\n\n\n<p>As falas de Bolsonaro foram gravadas em v\u00eddeo e trazem o presidente afirmando que promoveu trocas no Instituto do Patrim\u00f4nio Hist\u00f3rico e Art\u00edstico Nacional (Iphan) ap\u00f3s o \u00f3rg\u00e3o \u201ctravar\u201d uma obra do empres\u00e1rio Luciano Hang, da rede de lojas Havan. A declara\u00e7\u00e3o foi feita na \u00faltima quarta-feira (15), durante o F\u00f3rum Moderniza Brasil \u2013 Ambiente de Neg\u00f3cios.<\/p>\n\n\n\n<p>\u2013 Tomei conhecimento [de] uma obra de uma pessoa conhecida, o Luciano Hang. [Ele] Estava fazendo mais uma loja, e apareceu um peda\u00e7o de azulejo nas escava\u00e7\u00f5es. Chegou o Iphan e interditou a obra. Liguei para o ministro da pasta e [perguntei:] que trem \u00e9 esse? O que \u00e9 Iphan? Explicaram para mim, tomei conhecimento e \u201cripei\u201d todo mundo do Iphan \u2013 revelou Bolsonaro.<\/p>\n\n\n\n<p>Ao apresentar a a\u00e7\u00e3o ao STF, Randolfe afirmou que \u00e9 \u201cevidente que o ordenamento jur\u00eddico p\u00e1trio n\u00e3o \u00e9 compat\u00edvel com mais essa demonstra\u00e7\u00e3o patrimonialista do presidente, que parece n\u00e3o ver qualquer diferen\u00e7a entre seus interesses pessoais \u2013 beneficiar seus amigos empres\u00e1rios \u2013 e o interesse p\u00fablico dos brasileiros\u201d.<\/p>\n\n\n\n<p>O parlamentar ainda afirmou que h\u00e1 \u201cuma s\u00e9rie de irregularidades aparentes no bojo desse cen\u00e1rio da troca no comando do Iphan, praticadas sobretudo pelo mandat\u00e1rio m\u00e1ximo da Rep\u00fablica, que n\u00e3o pode ficar impune. Ali\u00e1s, parece que \u00e9 justamente por estar quase certo dessa impunidade que o presidente alardeia a pr\u00e1tica de atos irregulares\u201d.<\/p>\n\n\n\n<p>Andr\u00e9 Mendon\u00e7a foi o segundo ministro indicado pelo presidente Jair Bolsonaro ao STF. Ele tomou posse nesta quinta-feira (16).<\/p>\n\n\n\n<figure class=\"wp-block-embed-twitter wp-block-embed is-type-rich is-provider-twitter\"><div class=\"wp-block-embed__wrapper\">\n<blockquote class=\"twitter-tweet\" data-width=\"550\" data-dnt=\"true\"><p lang=\"pt\" dir=\"ltr\">Bolsonaro confirma que demitiu servidores do Iphan por interditar obra da Havan.<br><br>Presidente disse que nem sabia o que era Iphan e reclamou do \u00f3rg\u00e3o: &quot;Enquanto t\u00e1 l\u00e1 um coc\u00f4 petrificado de \u00edndio, para a obra, p\u00f4!&quot;, afirmou.<a href=\"https:\/\/t.co\/iY4c4VXsy7\">https:\/\/t.co\/iY4c4VXsy7<\/a> <a href=\"https:\/\/t.co\/MuUPaZyEZS\">pic.twitter.com\/MuUPaZyEZS<\/a><\/p>&mdash; Correio Braziliense (@correio) <a href=\"https:\/\/twitter.com\/correio\/status\/1471247253222400003?ref_src=twsrc%5Etfw\">December 15, 2021<\/a><\/blockquote><script async src=\"https:\/\/platform.twitter.com\/widgets.js\" charset=\"utf-8\"><\/script>\n<\/div><\/figure>\n","protected":false},"excerpt":{"rendered":"<p>Nesta sexta-feira (17), o ministro Andr\u00e9 Mendon\u00e7a foi sorteado o relator de um processo apresentado ao Supremo Tribunal Federal (STF) pelo senador Randolfe Rodrigues (Rede-AP) contra o presidente Jair Bolsonaro. A not\u00edcia-crime foi enviada \u00e0 Corte por declara\u00e7\u00f5es dadas pelo presidente durante um evento promovido pela Federa\u00e7\u00e3o das Ind\u00fastrias de S\u00e3o Paulo (Fiesp) e tem [&hellip;]<\/p>\n","protected":false},"author":2,"featured_media":10085,"comment_status":"open","ping_status":"open","sticky":false,"template":"","format":"standard","meta":[],"categories":[4],"tags":[13],"_links":{"self":[{"href":"https:\/\/dgospel.com.br\/portal\/index.php\/wp-json\/wp\/v2\/posts\/10084"}],"collection":[{"href":"https:\/\/dgospel.com.br\/portal\/index.php\/wp-json\/wp\/v2\/posts"}],"about":[{"href":"https:\/\/dgospel.com.br\/portal\/index.php\/wp-json\/wp\/v2\/types\/post"}],"author":[{"embeddable":true,"href":"https:\/\/dgospel.com.br\/portal\/index.php\/wp-json\/wp\/v2\/users\/2"}],"replies":[{"embeddable":true,"href":"https:\/\/dgospel.com.br\/portal\/index.php\/wp-json\/wp\/v2\/comments?post=10084"}],"version-history":[{"count":1,"href":"https:\/\/dgospel.com.br\/portal\/index.php\/wp-json\/wp\/v2\/posts\/10084\/revisions"}],"predecessor-version":[{"id":10086,"href":"https:\/\/dgospel.com.br\/portal\/index.php\/wp-json\/wp\/v2\/posts\/10084\/revisions\/10086"}],"wp:featuredmedia":[{"embeddable":true,"href":"https:\/\/dgospel.com.br\/portal\/index.php\/wp-json\/wp\/v2\/media\/10085"}],"wp:attachment":[{"href":"https:\/\/dgospel.com.br\/portal\/index.php\/wp-json\/wp\/v2\/media?parent=10084"}],"wp:term":[{"taxonomy":"category","embeddable":true,"href":"https:\/\/dgospel.com.br\/portal\/index.php\/wp-json\/wp\/v2\/categories?post=10084"},{"taxonomy":"post_tag","embeddable":true,"href":"https:\/\/dgospel.com.br\/portal\/index.php\/wp-json\/wp\/v2\/tags?post=10084"}],"curies":[{"name":"wp","href":"https:\/\/api.w.org\/{rel}","templated":true}]}}