{"id":10087,"date":"2021-12-17T15:41:28","date_gmt":"2021-12-17T18:41:28","guid":{"rendered":"http:\/\/dgospel.com.br\/portal\/?p=10087"},"modified":"2021-12-17T15:41:30","modified_gmt":"2021-12-17T18:41:30","slug":"michelle-bolsonaro-vamos-combater-o-mal-com-amor","status":"publish","type":"post","link":"https:\/\/dgospel.com.br\/portal\/index.php\/2021\/12\/17\/michelle-bolsonaro-vamos-combater-o-mal-com-amor\/","title":{"rendered":"Michelle Bolsonaro: \u201cVamos combater o mal com amor\u201d"},"content":{"rendered":"\n<p> Para celebrar a posse de Andr\u00e9 Mendon\u00e7a como o mais novo ministro do Supremo Tribunal Federal (STF), foi realizado um culto de a\u00e7\u00e3o de gra\u00e7as na Sede Conven\u00e7\u00e3o Nacional das Assembleias de Deus do Brasil \u2013 Catedral Baleia, no Distrito Federal. A reuni\u00e3o aconteceu nesta quinta-feira (16) e contou com a presen\u00e7a do presidente Jair Bolsonaro, de sua esposa, Michelle Bolsonaro, do ministro Ricardo Lewandowski, do STF, entre outras autoridades. <\/p>\n\n\n\n<p> \u2013 O que dizer neste dia? Um dia de tanta emo\u00e7\u00e3o, um dia em que realmente a gente tem a certeza de que Deus respondeu \u00e0s nossas ora\u00e7\u00f5es. S\u00f3 tenho que agradecer a Deus e a todos os intercessores do Brasil, que n\u00e3o s\u00f3 oraram pelo ministro Andr\u00e9, mas tamb\u00e9m que oram pela minha vida, pelo meu esposo, pela vida de todas as autoridades. [\u2026] N\u00f3s confiamos, oramos, tivemos perseveran\u00e7a. Deus foi fiel. [\u2026] Eu quero que Deus venha cobrir a sua vida com b\u00ean\u00e7\u00e3os. [\u2026] Vamos combater o mal e a maldade com amor \u2013 disse a primeira-dama Michelle Bolsonaro. <\/p>\n\n\n\n<p>O culto foi transmitido ao vivo pelas redes sociais.<\/p>\n\n\n\n<figure class=\"wp-block-image\"><img src=\"https:\/\/static.cdn.pleno.news\/2021\/12\/Screenshot-2021-12-16T204512.210-768x434.png\" alt=\"Culto de a\u00e7\u00e3o de gra\u00e7as por Mendon\u00e7a re\u00fane Bolsonaro, Michelle e ministros\"\/><figcaption>Culto de a\u00e7\u00e3o de gra\u00e7as por Mendon\u00e7a re\u00fane Bolsonaro, Michelle e ministros&nbsp;\/ Foto: Reprodu\u00e7\u00e3o\/YouTube\/Catedral Baleia<\/figcaption><\/figure>\n\n\n\n<figure class=\"wp-block-image\"><img src=\"https:\/\/static.cdn.pleno.news\/2021\/12\/Screenshot-2021-12-16T203632.749-768x425.png\" alt=\"Culto de a\u00e7\u00e3o de gra\u00e7as por Mendon\u00e7a re\u00fane Bolsonaro, Michelle e ministros\"\/><figcaption>Culto de a\u00e7\u00e3o de gra\u00e7as por Mendon\u00e7a re\u00fane Bolsonaro, Michelle e ministros&nbsp;\/ Foto: Reprodu\u00e7\u00e3o\/YouTube\/Catedral Baleia<\/figcaption><\/figure>\n\n\n\n<figure class=\"wp-block-image\"><img src=\"https:\/\/static.cdn.pleno.news\/2021\/12\/Screenshot-2021-12-16T203534.255-768x426.png\" alt=\"Culto de a\u00e7\u00e3o de gra\u00e7as por Mendon\u00e7a re\u00fane Bolsonaro, Michelle e ministros\"\/><figcaption>Culto de a\u00e7\u00e3o de gra\u00e7as por Mendon\u00e7a re\u00fane Bolsonaro, Michelle e ministros&nbsp;\/ Foto: Reprodu\u00e7\u00e3o\/YouTube\/Catedral Baleia<\/figcaption><\/figure>\n\n\n\n<figure class=\"wp-block-image\"><img src=\"https:\/\/static.cdn.pleno.news\/2021\/12\/Screenshot-2021-12-16T202934.427-768x435.png\" alt=\"Culto de a\u00e7\u00e3o de gra\u00e7as por Mendon\u00e7a re\u00fane Bolsonaro, Michelle e ministros\"\/><figcaption>Culto de a\u00e7\u00e3o de gra\u00e7as por Mendon\u00e7a re\u00fane Bolsonaro, Michelle e ministros&nbsp;\/ Foto: Reprodu\u00e7\u00e3o\/YouTube\/Catedral Baleia<\/figcaption><\/figure>\n\n\n\n<figure class=\"wp-block-image\"><img src=\"https:\/\/static.cdn.pleno.news\/2021\/12\/Screenshot-2021-12-16T203436.880-768x428.png\" alt=\"Culto de a\u00e7\u00e3o de gra\u00e7as por Mendon\u00e7a re\u00fane Bolsonaro, Michelle e ministros\"\/><figcaption>Culto de a\u00e7\u00e3o de gra\u00e7as por Mendon\u00e7a re\u00fane Bolsonaro, Michelle e ministros&nbsp;\/ Foto: Reprodu\u00e7\u00e3o\/YouTube\/Catedral Baleia<\/figcaption><\/figure>\n\n\n\n<figure class=\"wp-block-image\"><img src=\"https:\/\/static.cdn.pleno.news\/2021\/12\/Screenshot-2021-12-16T204032.366-768x403.png\" alt=\"Culto de a\u00e7\u00e3o de gra\u00e7as por Mendon\u00e7a re\u00fane Bolsonaro, Michelle e ministros\"\/><figcaption>Culto de a\u00e7\u00e3o de gra\u00e7as por Mendon\u00e7a re\u00fane Bolsonaro, Michelle e ministros&nbsp;\/ Foto: Reprodu\u00e7\u00e3o\/YouTube\/Catedral Baleia<\/figcaption><\/figure>\n\n\n\n<figure class=\"wp-block-image\"><img src=\"https:\/\/static.cdn.pleno.news\/2021\/12\/Screenshot-2021-12-16T203716.181-768x433.png\" alt=\"Culto de a\u00e7\u00e3o de gra\u00e7as por Mendon\u00e7a re\u00fane Bolsonaro, Michelle e ministros\"\/><figcaption>Culto de a\u00e7\u00e3o de gra\u00e7as por Mendon\u00e7a re\u00fane Bolsonaro, Michelle e ministros&nbsp;\/ Foto: Reprodu\u00e7\u00e3o\/YouTube\/Catedral Baleia<\/figcaption><\/figure>\n\n\n\n<figure class=\"wp-block-image\"><img src=\"https:\/\/static.cdn.pleno.news\/2021\/12\/Screenshot-2021-12-16T203459.348-768x433.png\" alt=\"Culto de a\u00e7\u00e3o de gra\u00e7as por Mendon\u00e7a re\u00fane Bolsonaro, Michelle e ministros\"\/><figcaption>Culto de a\u00e7\u00e3o de gra\u00e7as por Mendon\u00e7a re\u00fane Bolsonaro, Michelle e ministros&nbsp;\/ Foto: Reprodu\u00e7\u00e3o\/YouTube\/Catedral Baleia<\/figcaption><\/figure>\n\n\n\n<figure class=\"wp-block-image\"><img src=\"https:\/\/static.cdn.pleno.news\/2021\/12\/Screenshot-2021-12-16T203759.413-768x429.png\" alt=\"Culto de a\u00e7\u00e3o de gra\u00e7as por Mendon\u00e7a re\u00fane Bolsonaro, Michelle e ministros\"\/><figcaption>Culto de a\u00e7\u00e3o de gra\u00e7as por Mendon\u00e7a re\u00fane Bolsonaro, Michelle e ministros&nbsp;\/ Foto: Reprodu\u00e7\u00e3o\/YouTube\/Catedral Baleia<\/figcaption><\/figure>\n\n\n\n<figure class=\"wp-block-image\"><img src=\"https:\/\/static.cdn.pleno.news\/2021\/12\/Screenshot-2021-12-16T203727.580-768x436.png\" alt=\"Culto de a\u00e7\u00e3o de gra\u00e7as por Mendon\u00e7a re\u00fane Bolsonaro, Michelle e ministros\"\/><figcaption>Culto de a\u00e7\u00e3o de gra\u00e7as por Mendon\u00e7a re\u00fane Bolsonaro, Michelle e ministros&nbsp;\/ Foto: Reprodu\u00e7\u00e3o\/YouTube\/Catedral Baleia<\/figcaption><\/figure>\n\n\n\n<figure class=\"wp-block-image\"><img src=\"https:\/\/static.cdn.pleno.news\/2021\/12\/Screenshot-2021-12-16T203559.642-768x427.png\" alt=\"Culto de a\u00e7\u00e3o de gra\u00e7as por Mendon\u00e7a re\u00fane Bolsonaro, Michelle e ministros\"\/><figcaption>Culto de a\u00e7\u00e3o de gra\u00e7as por Mendon\u00e7a re\u00fane Bolsonaro, Michelle e ministros&nbsp;\/ Foto: Reprodu\u00e7\u00e3o\/YouTube\/Catedral Baleia<\/figcaption><\/figure>\n\n\n\n<figure class=\"wp-block-image\"><img src=\"https:\/\/static.cdn.pleno.news\/2021\/12\/Screenshot-2021-12-16T203517.118-768x429.png\" alt=\"Culto de a\u00e7\u00e3o de gra\u00e7as por Mendon\u00e7a re\u00fane Bolsonaro, Michelle e ministros\"\/><figcaption>Culto de a\u00e7\u00e3o de gra\u00e7as por Mendon\u00e7a re\u00fane Bolsonaro, Michelle e ministros&nbsp;\/ Foto: Reprodu\u00e7\u00e3o\/YouTube\/Catedral Baleia<\/figcaption><\/figure>\n\n\n\n<figure class=\"wp-block-image\"><img src=\"https:\/\/static.cdn.pleno.news\/2021\/12\/Screenshot-2021-12-16T203652.314-768x431.png\" alt=\"Culto de a\u00e7\u00e3o de gra\u00e7as por Mendon\u00e7a re\u00fane Bolsonaro, Michelle e ministros\"\/><figcaption>Culto de a\u00e7\u00e3o de gra\u00e7as por Mendon\u00e7a re\u00fane Bolsonaro, Michelle e ministros&nbsp;\/ Foto: Reprodu\u00e7\u00e3o\/YouTube\/Catedral Baleia<\/figcaption><\/figure>\n\n\n\n<figure class=\"wp-block-image\"><img src=\"https:\/\/static.cdn.pleno.news\/2021\/12\/Screenshot-2021-12-16T203546.777-768x430.png\" alt=\"Culto de a\u00e7\u00e3o de gra\u00e7as por Mendon\u00e7a re\u00fane Bolsonaro, Michelle e ministros\"\/><figcaption>Culto de a\u00e7\u00e3o de gra\u00e7as por Mendon\u00e7a re\u00fane Bolsonaro, Michelle e ministros&nbsp;\/ Foto: Reprodu\u00e7\u00e3o\/YouTube\/Catedral Baleia<\/figcaption><\/figure>\n\n\n\n<figure class=\"wp-block-image\"><img src=\"https:\/\/static.cdn.pleno.news\/2021\/12\/Screenshot-2021-12-16T204320.864-768x432.png\" alt=\"Culto de a\u00e7\u00e3o de gra\u00e7as por Mendon\u00e7a re\u00fane Bolsonaro, Michelle e ministros\"\/><figcaption>Culto de a\u00e7\u00e3o de gra\u00e7as por Mendon\u00e7a re\u00fane Bolsonaro, Michelle e ministros&nbsp;\/ Foto: Reprodu\u00e7\u00e3o\/YouTube\/Catedral Baleia<\/figcaption><\/figure>\n\n\n\n<figure class=\"wp-block-image\"><img src=\"https:\/\/static.cdn.pleno.news\/2021\/12\/Screenshot-2021-12-16T204304.152-768x403.png\" alt=\"Culto de a\u00e7\u00e3o de gra\u00e7as por Mendon\u00e7a re\u00fane Bolsonaro, Michelle e ministros\"\/><figcaption>Culto de a\u00e7\u00e3o de gra\u00e7as por Mendon\u00e7a re\u00fane Bolsonaro, Michelle e ministros&nbsp;\/ Foto: Reprodu\u00e7\u00e3o\/YouTube\/Catedral Baleia<\/figcaption><\/figure>\n\n\n\n<figure class=\"wp-block-image\"><img src=\"https:\/\/static.cdn.pleno.news\/2021\/12\/Screenshot-2021-12-16T204247.814-768x380.png\" alt=\"Culto de a\u00e7\u00e3o de gra\u00e7as por Mendon\u00e7a re\u00fane Bolsonaro, Michelle e ministros\"\/><figcaption>Culto de a\u00e7\u00e3o de gra\u00e7as por Mendon\u00e7a re\u00fane Bolsonaro, Michelle e ministros&nbsp;\/ Foto: Reprodu\u00e7\u00e3o\/YouTube\/Catedral Baleia<\/figcaption><\/figure>\n\n\n\n<figure class=\"wp-block-image\"><img src=\"https:\/\/static.cdn.pleno.news\/2021\/12\/Screenshot-2021-12-16T210839.682-768x426.png\" alt=\"Culto de a\u00e7\u00e3o de gra\u00e7as por Mendon\u00e7a re\u00fane Bolsonaro, Michelle e ministros\"\/><figcaption>Culto de a\u00e7\u00e3o de gra\u00e7as por Mendon\u00e7a re\u00fane Bolsonaro, Michelle e ministros&nbsp;\/ Foto: Reprodu\u00e7\u00e3o\/YouTube\/Catedral Baleia<\/figcaption><\/figure>\n\n\n\n<figure class=\"wp-block-image\"><img src=\"https:\/\/static.cdn.pleno.news\/2021\/12\/Screenshot-2021-12-16T210931.730-768x427.png\" alt=\"Culto de a\u00e7\u00e3o de gra\u00e7as por Mendon\u00e7a re\u00fane Bolsonaro, Michelle e ministros\"\/><figcaption>Culto de a\u00e7\u00e3o de gra\u00e7as por Mendon\u00e7a re\u00fane Bolsonaro, Michelle e ministros&nbsp;\/ Foto: Reprodu\u00e7\u00e3o\/YouTube\/Catedral Baleia<\/figcaption><\/figure>\n\n\n\n<ul><li>1&nbsp;de 19<\/li><\/ul>\n\n\n\n<p>Segundo informa\u00e7\u00f5es do portal Metr\u00f3poles, estavam presentes os ministros Luiz Eduardo Ramos (Casa Civil), Tarc\u00edsio de Freitas (Infraestrutura), Marcelo Queiroga (Sa\u00fade), Carlos Alberto Fran\u00e7a (Rela\u00e7\u00f5es Exteriores), Fl\u00e1via Arruda (Secretaria de Governo), Ciro Nogueira (Casa Civil), Damares Alves (Mulher, Fam\u00edlia e Direitos Humanos) e Milton Ribeiro (Educa\u00e7\u00e3o).<\/p>\n\n\n\n<figure class=\"wp-block-embed-youtube wp-block-embed is-type-video is-provider-youtube wp-embed-aspect-16-9 wp-has-aspect-ratio\"><div class=\"wp-block-embed__wrapper\">\n<iframe loading=\"lazy\" title=\"CULTO DE A\u00c7\u00c3O DE GRA\u00c7A MIN. ANDR\u00c9 MENDON\u00c7A - CATEDRAL BALEIA\" width=\"630\" height=\"354\" src=\"https:\/\/www.youtube.com\/embed\/fInlKfaDGlk?start=1&#038;feature=oembed\" frameborder=\"0\" allow=\"accelerometer; autoplay; clipboard-write; encrypted-media; gyroscope; picture-in-picture\" allowfullscreen><\/iframe>\n<\/div><\/figure>\n","protected":false},"excerpt":{"rendered":"<p>Para celebrar a posse de Andr\u00e9 Mendon\u00e7a como o mais novo ministro do Supremo Tribunal Federal (STF), foi realizado um culto de a\u00e7\u00e3o de gra\u00e7as na Sede Conven\u00e7\u00e3o Nacional das Assembleias de Deus do Brasil \u2013 Catedral Baleia, no Distrito Federal. A reuni\u00e3o aconteceu nesta quinta-feira (16) e contou com a presen\u00e7a do presidente Jair [&hellip;]<\/p>\n","protected":false},"author":2,"featured_media":10088,"comment_status":"open","ping_status":"open","sticky":false,"template":"","format":"standard","meta":[],"categories":[5],"tags":[13],"_links":{"self":[{"href":"https:\/\/dgospel.com.br\/portal\/index.php\/wp-json\/wp\/v2\/posts\/10087"}],"collection":[{"href":"https:\/\/dgospel.com.br\/portal\/index.php\/wp-json\/wp\/v2\/posts"}],"about":[{"href":"https:\/\/dgospel.com.br\/portal\/index.php\/wp-json\/wp\/v2\/types\/post"}],"author":[{"embeddable":true,"href":"https:\/\/dgospel.com.br\/portal\/index.php\/wp-json\/wp\/v2\/users\/2"}],"replies":[{"embeddable":true,"href":"https:\/\/dgospel.com.br\/portal\/index.php\/wp-json\/wp\/v2\/comments?post=10087"}],"version-history":[{"count":1,"href":"https:\/\/dgospel.com.br\/portal\/index.php\/wp-json\/wp\/v2\/posts\/10087\/revisions"}],"predecessor-version":[{"id":10089,"href":"https:\/\/dgospel.com.br\/portal\/index.php\/wp-json\/wp\/v2\/posts\/10087\/revisions\/10089"}],"wp:featuredmedia":[{"embeddable":true,"href":"https:\/\/dgospel.com.br\/portal\/index.php\/wp-json\/wp\/v2\/media\/10088"}],"wp:attachment":[{"href":"https:\/\/dgospel.com.br\/portal\/index.php\/wp-json\/wp\/v2\/media?parent=10087"}],"wp:term":[{"taxonomy":"category","embeddable":true,"href":"https:\/\/dgospel.com.br\/portal\/index.php\/wp-json\/wp\/v2\/categories?post=10087"},{"taxonomy":"post_tag","embeddable":true,"href":"https:\/\/dgospel.com.br\/portal\/index.php\/wp-json\/wp\/v2\/tags?post=10087"}],"curies":[{"name":"wp","href":"https:\/\/api.w.org\/{rel}","templated":true}]}}