{"id":10090,"date":"2021-12-17T15:48:25","date_gmt":"2021-12-17T18:48:25","guid":{"rendered":"http:\/\/dgospel.com.br\/portal\/?p=10090"},"modified":"2021-12-17T15:48:26","modified_gmt":"2021-12-17T18:48:26","slug":"governo-do-tocantins-entrega-30-novos-veiculos-para-reforcar-o-sistema-de-defesa-agropecuaria-do-estado","status":"publish","type":"post","link":"https:\/\/dgospel.com.br\/portal\/index.php\/2021\/12\/17\/governo-do-tocantins-entrega-30-novos-veiculos-para-reforcar-o-sistema-de-defesa-agropecuaria-do-estado\/","title":{"rendered":"Governo do Tocantins entrega 30 novos ve\u00edculos para refor\u00e7ar o sistema de defesa agropecu\u00e1ria do Estado"},"content":{"rendered":"\n<p>O Governo do Tocantins, por meio da Ag\u00eancia de Defesa Agropecu\u00e1ria (Adapec), entregou na tarde dessa quinta-feira, 16, uma frota de 30 novos ve\u00edculos para as 11 regionais, a sede e o servi\u00e7o de inspe\u00e7\u00e3o. Com a loca\u00e7\u00e3o destes ve\u00edculos o objetivo \u00e9 melhorar a qualidade do atendimento nas a\u00e7\u00f5es realizadas pela Adapec no campo e na cidade.<\/p>\n\n\n\n<p>\u201cO Governo do Tocantins tem priorizado a defesa agropecu\u00e1ria, todas as nossas regionais foram contempladas com ve\u00edculos novos, que fortalecer\u00e3o o trabalho desenvolvido na agricultura e pecu\u00e1ria do Tocantins,\u201d destacou o presidente da Adapec, Paulo Lima, acrescentando que em breve a Ag\u00eancia entregar\u00e1 mais 45 novos ve\u00edculos.<\/p>\n\n\n\n<p>O respons\u00e1vel pelo setor de transporte, Jubson Carneiro da Silva, destacou que com a loca\u00e7\u00e3o, a Ag\u00eancia ter\u00e1 uma economia significativa com servi\u00e7os de manuten\u00e7\u00e3o, pois de acordo com o contrato, esta \u00e9 uma responsabilidade da empresa locadora.<\/p>\n\n\n\n<p><strong>Dados<\/strong><\/p>\n\n\n\n<p>Entre os ve\u00edculos est\u00e3o: 9 Triton L200, 15 Fiat Mobi, 3 Fiat Strada e 3 Renault Duster.<\/p>\n\n\n\n<figure class=\"wp-block-image\"><img src=\"https:\/\/central.to.gov.br\/image\/274841?w=670&amp;h=383\" alt=\"\"\/><\/figure>\n\n\n\n<p>Governo do Tocantins refor\u00e7a as atividades da defesa agropecu\u00e1ria com 30 ve\u00edculos &#8211; Welcton de Oliveira\/Governo do Tocantins\n\n<\/p>\n","protected":false},"excerpt":{"rendered":"<p>O Governo do Tocantins, por meio da Ag\u00eancia de Defesa Agropecu\u00e1ria (Adapec), entregou na tarde dessa quinta-feira, 16, uma frota de 30 novos ve\u00edculos para as 11 regionais, a sede e o servi\u00e7o de inspe\u00e7\u00e3o. Com a loca\u00e7\u00e3o destes ve\u00edculos o objetivo \u00e9 melhorar a qualidade do atendimento nas a\u00e7\u00f5es realizadas pela Adapec no campo [&hellip;]<\/p>\n","protected":false},"author":2,"featured_media":10091,"comment_status":"open","ping_status":"open","sticky":false,"template":"","format":"standard","meta":[],"categories":[3],"tags":[],"_links":{"self":[{"href":"https:\/\/dgospel.com.br\/portal\/index.php\/wp-json\/wp\/v2\/posts\/10090"}],"collection":[{"href":"https:\/\/dgospel.com.br\/portal\/index.php\/wp-json\/wp\/v2\/posts"}],"about":[{"href":"https:\/\/dgospel.com.br\/portal\/index.php\/wp-json\/wp\/v2\/types\/post"}],"author":[{"embeddable":true,"href":"https:\/\/dgospel.com.br\/portal\/index.php\/wp-json\/wp\/v2\/users\/2"}],"replies":[{"embeddable":true,"href":"https:\/\/dgospel.com.br\/portal\/index.php\/wp-json\/wp\/v2\/comments?post=10090"}],"version-history":[{"count":1,"href":"https:\/\/dgospel.com.br\/portal\/index.php\/wp-json\/wp\/v2\/posts\/10090\/revisions"}],"predecessor-version":[{"id":10092,"href":"https:\/\/dgospel.com.br\/portal\/index.php\/wp-json\/wp\/v2\/posts\/10090\/revisions\/10092"}],"wp:featuredmedia":[{"embeddable":true,"href":"https:\/\/dgospel.com.br\/portal\/index.php\/wp-json\/wp\/v2\/media\/10091"}],"wp:attachment":[{"href":"https:\/\/dgospel.com.br\/portal\/index.php\/wp-json\/wp\/v2\/media?parent=10090"}],"wp:term":[{"taxonomy":"category","embeddable":true,"href":"https:\/\/dgospel.com.br\/portal\/index.php\/wp-json\/wp\/v2\/categories?post=10090"},{"taxonomy":"post_tag","embeddable":true,"href":"https:\/\/dgospel.com.br\/portal\/index.php\/wp-json\/wp\/v2\/tags?post=10090"}],"curies":[{"name":"wp","href":"https:\/\/api.w.org\/{rel}","templated":true}]}}