{"id":10099,"date":"2021-12-17T15:56:22","date_gmt":"2021-12-17T18:56:22","guid":{"rendered":"http:\/\/dgospel.com.br\/portal\/?p=10099"},"modified":"2021-12-17T15:56:23","modified_gmt":"2021-12-17T18:56:23","slug":"wanderlei-barbosa-inicia-trativa-de-convenios-com-a-usp-para-capacitacao-de-servidores-publicos","status":"publish","type":"post","link":"https:\/\/dgospel.com.br\/portal\/index.php\/2021\/12\/17\/wanderlei-barbosa-inicia-trativa-de-convenios-com-a-usp-para-capacitacao-de-servidores-publicos\/","title":{"rendered":"Wanderlei Barbosa inicia trativa de conv\u00eanios com a USP para capacita\u00e7\u00e3o de servidores p\u00fablicos"},"content":{"rendered":"\n<p>O governador em exerc\u00edcio do Estado do Tocantins, Wanderlei Barbosa, reuniu-se na manh\u00e3 desta sexta-feira, 17, com representantes da Escola de Artes, Ci\u00eancias e Humanidades da Universidade de S\u00e3o Paulo (EACH\/USP) para tratar de futuros conv\u00eanios com a universidade com foco na capacita\u00e7\u00e3o de servidores p\u00fablicos estaduais.<\/p>\n\n\n\n<p>A Professora Doutora Ana Carla Bliacheriene falou dos v\u00e1rios projetos que a universidade desenvolve com base nos pilares de ensino, pesquisa e extens\u00e3o. \u201cA gente entende que essa tr\u00edade \u00e9 absolutamente essencial para os governos do presente e do futuro que caminham para sua transi\u00e7\u00e3o digital respeitando a sustentabilidade, os interesses e voca\u00e7\u00f5es locais e a universidade est\u00e1 pronta, apta e disposta a fazer essa colabora\u00e7\u00e3o. No pilar de pesquisa n\u00f3s entendemos que a pesquisa s\u00f3 faz sentido quando ela pode ser aplicada na realidade das pessoas. Ent\u00e3o as atividades de extens\u00e3o, com capacita\u00e7\u00e3o para servidores em diversos temas que a universidade pode colaborar, al\u00e9m de constru\u00e7\u00e3o de projetos para aplica\u00e7\u00e3o pr\u00e1tica no Estado est\u00e3o no DNA da USP\u201d, frisou.<\/p>\n\n\n\n<p>Agradecendo a receptividade do Governador, a Professora Doutora elencou poss\u00edveis parcerias. \u201cN\u00f3s temos duas possibilidades de especializa\u00e7\u00f5es que dever\u00e3o iniciar no ano de 2022 e que j\u00e1 franqueamos ao Governador, a possibilidade de que servidores possam se inscrever. Que \u00e9 uma especializa\u00e7\u00e3o em Pol\u00edticas P\u00fablicas para Cidades Inteligentes e outra sobre Inova\u00e7\u00e3o e Auditoria para o Setor P\u00fablico\u201d, informou.<\/p>\n\n\n\n<p>O governador Wanderlei Barbosa afirmou que a gest\u00e3o tem interesse em fazer conv\u00eanios via Universidade Estadual do Tocantins (Unitins) para oportunizar qualifica\u00e7\u00e3o aos servidores p\u00fablicos estaduais. \u201cMotiva muito a gente porque n\u00f3s temos servidores nas mais diversas \u00e1reas importantes e n\u00f3s temos que construir e qualificar os seus curr\u00edculos. Ent\u00e3o, se n\u00f3s recebemos uma proposta de parceria da USP nos agrada bastante, pelo tamanho da universidade e o que ela representa para o ensino superior, p\u00f3s-gradua\u00e7\u00f5es, mestrados e os cursos de qualifica\u00e7\u00e3o que a USP promove Brasil afora. N\u00f3s queremos estar nessa agenda com a USP, tratando desse assunto e qualificando os nossos servidores\u201d, ressaltou.<\/p>\n\n\n\n<p>Tamb\u00e9m participaram da reuni\u00e3o, o Professor Doutor Luciano Vieira de Ara\u00fajo; os&nbsp; secret\u00e1rios de Infraestrutura, Cidades&nbsp; e Habita\u00e7\u00e3o (Seinf), Jairo Mariano, de Meio Ambiente e Recursos H\u00eddricos (Semarh), Miyuki Hyashida, da Casa Civil, Deocleciano Gomes, da Educa\u00e7\u00e3o, Juventude e Esportes (Seduc), F\u00e1bio Vaz; o deputado estadual L\u00e9o Barbosa; e o conselheiro do Tribunal de Contas do Estado (TCE), Andr\u00e9 Matos.<\/p>\n\n\n\n<figure class=\"wp-block-image\"><img src=\"https:\/\/central.to.gov.br\/image\/274909?w=670&amp;h=383\" alt=\"\"\/><\/figure>\n\n\n\n<p>Governador Wanderlei Barbosa afirmou que a gest\u00e3o tem interesse em fazer conv\u00eanios via Universidade Estadual do Tocantins &#8211; Aldemar Ribeiro\/Governo do Tocantins\n\n<\/p>\n","protected":false},"excerpt":{"rendered":"<p>O governador em exerc\u00edcio do Estado do Tocantins, Wanderlei Barbosa, reuniu-se na manh\u00e3 desta sexta-feira, 17, com representantes da Escola de Artes, Ci\u00eancias e Humanidades da Universidade de S\u00e3o Paulo (EACH\/USP) para tratar de futuros conv\u00eanios com a universidade com foco na capacita\u00e7\u00e3o de servidores p\u00fablicos estaduais. A Professora Doutora Ana Carla Bliacheriene falou dos [&hellip;]<\/p>\n","protected":false},"author":2,"featured_media":10100,"comment_status":"open","ping_status":"open","sticky":false,"template":"","format":"standard","meta":[],"categories":[3],"tags":[13],"_links":{"self":[{"href":"https:\/\/dgospel.com.br\/portal\/index.php\/wp-json\/wp\/v2\/posts\/10099"}],"collection":[{"href":"https:\/\/dgospel.com.br\/portal\/index.php\/wp-json\/wp\/v2\/posts"}],"about":[{"href":"https:\/\/dgospel.com.br\/portal\/index.php\/wp-json\/wp\/v2\/types\/post"}],"author":[{"embeddable":true,"href":"https:\/\/dgospel.com.br\/portal\/index.php\/wp-json\/wp\/v2\/users\/2"}],"replies":[{"embeddable":true,"href":"https:\/\/dgospel.com.br\/portal\/index.php\/wp-json\/wp\/v2\/comments?post=10099"}],"version-history":[{"count":1,"href":"https:\/\/dgospel.com.br\/portal\/index.php\/wp-json\/wp\/v2\/posts\/10099\/revisions"}],"predecessor-version":[{"id":10101,"href":"https:\/\/dgospel.com.br\/portal\/index.php\/wp-json\/wp\/v2\/posts\/10099\/revisions\/10101"}],"wp:featuredmedia":[{"embeddable":true,"href":"https:\/\/dgospel.com.br\/portal\/index.php\/wp-json\/wp\/v2\/media\/10100"}],"wp:attachment":[{"href":"https:\/\/dgospel.com.br\/portal\/index.php\/wp-json\/wp\/v2\/media?parent=10099"}],"wp:term":[{"taxonomy":"category","embeddable":true,"href":"https:\/\/dgospel.com.br\/portal\/index.php\/wp-json\/wp\/v2\/categories?post=10099"},{"taxonomy":"post_tag","embeddable":true,"href":"https:\/\/dgospel.com.br\/portal\/index.php\/wp-json\/wp\/v2\/tags?post=10099"}],"curies":[{"name":"wp","href":"https:\/\/api.w.org\/{rel}","templated":true}]}}