{"id":1010,"date":"2018-08-15T17:57:34","date_gmt":"2018-08-15T20:57:34","guid":{"rendered":"http:\/\/dgospel.com.br\/portal\/?p=1010"},"modified":"2018-08-15T17:57:34","modified_gmt":"2018-08-15T20:57:34","slug":"palmenses-sao-surpreendidos-com-chuva-no-mes-de-agosto","status":"publish","type":"post","link":"https:\/\/dgospel.com.br\/portal\/index.php\/2018\/08\/15\/palmenses-sao-surpreendidos-com-chuva-no-mes-de-agosto\/","title":{"rendered":"Palmenses s\u00e3o surpreendidos com chuva no m\u00eas de Agosto"},"content":{"rendered":"<p class=\"yiv8280706435MsoNormal\">Ap\u00f3s um longo per\u00edodo de estiagem em Palmas, voltou a chover no in\u00edcio da tarde desta ter\u00e7a-feira, 14. A previs\u00e3o \u00e9 de pancadas de chuvas isoladas entre o decorrer da tarde e ao longo da noite. No \u00faltimo domingo, 12, tamb\u00e9m choveu em \u00e1reas isoladas da Capital.<\/p>\n<p class=\"yiv8280706435MsoNormal\">Segundo a chefe da Divis\u00e3o de Risco da Defesa Civil, Fl\u00e1via Oliveira Lustosa, esse fen\u00f4meno \u00e9 influenciado pela forma\u00e7\u00e3o de \u00e1reas de instabilidade, associadas ao calor e aumento da umidade do ar desses \u00faltimos dias na metade da regi\u00e3o Norte do Estado do Tocantins.<\/p>\n<p class=\"yiv8280706435MsoNormal\">Ainda de acordo com Lustosa, pancadas de chuva tamb\u00e9m podem ocorrer nesta quarta-feira, 15. &#8220;Estamos entrando no per\u00edodo de transi\u00e7\u00e3o, mas a temporada de chuvas s\u00f3 vai acontecer mesmo em outubro. At\u00e9 o in\u00edcio do m\u00eas n\u00e3o t\u00ednhamos previs\u00e3o de chuvas para agosto em Palmas&#8221;, pontuou.<\/p>\n<p class=\"yiv8280706435MsoNormal\">Apesar de acumular apenas 7mm de chuva segundo a esta\u00e7\u00e3o do Instituto Nacional de Meteorologia, as temperaturas continuam altas nesta tarde, os term\u00f4metros na Capital podem atingir 37\u00baC, enquanto a m\u00ednima deve ficar na casa dos 23\u00baC, j\u00e1 a umidade relativa do ar aumentou e vai ficar entre 61% a 32%.<\/p>\n<p class=\"yiv8280706435MsoNormal\">A previs\u00e3o do tempo para a quarta-feira, 15, \u00e9 de sol com muitas nuvens e pancadas de chuva no per\u00edodo vespertino e noturno. A temperatura m\u00e1xima est\u00e1 prevista em 37\u00baC e a m\u00ednima em 21\u00baC. A umidade relativa do ar fica entre 54% a 31%.<\/p>\n<p>&nbsp;<\/p>\n<div>\n<div class=\"yiv8280706435gmail_signature\">\n<div dir=\"ltr\">\n<div>\n<div dir=\"ltr\"><\/div>\n<\/div>\n<\/div>\n<\/div>\n<\/div>\n","protected":false},"excerpt":{"rendered":"<p>Ap\u00f3s um longo per\u00edodo de estiagem em Palmas, voltou a chover no in\u00edcio da tarde desta ter\u00e7a-feira, 14. A previs\u00e3o \u00e9 de pancadas de chuvas isoladas entre o decorrer da tarde e ao longo da noite. No \u00faltimo domingo, 12, tamb\u00e9m choveu em \u00e1reas isoladas da Capital. Segundo a chefe da Divis\u00e3o de Risco da [&hellip;]<\/p>\n","protected":false},"author":2,"featured_media":1011,"comment_status":"open","ping_status":"open","sticky":false,"template":"","format":"standard","meta":[],"categories":[3],"tags":[],"_links":{"self":[{"href":"https:\/\/dgospel.com.br\/portal\/index.php\/wp-json\/wp\/v2\/posts\/1010"}],"collection":[{"href":"https:\/\/dgospel.com.br\/portal\/index.php\/wp-json\/wp\/v2\/posts"}],"about":[{"href":"https:\/\/dgospel.com.br\/portal\/index.php\/wp-json\/wp\/v2\/types\/post"}],"author":[{"embeddable":true,"href":"https:\/\/dgospel.com.br\/portal\/index.php\/wp-json\/wp\/v2\/users\/2"}],"replies":[{"embeddable":true,"href":"https:\/\/dgospel.com.br\/portal\/index.php\/wp-json\/wp\/v2\/comments?post=1010"}],"version-history":[{"count":1,"href":"https:\/\/dgospel.com.br\/portal\/index.php\/wp-json\/wp\/v2\/posts\/1010\/revisions"}],"predecessor-version":[{"id":1012,"href":"https:\/\/dgospel.com.br\/portal\/index.php\/wp-json\/wp\/v2\/posts\/1010\/revisions\/1012"}],"wp:featuredmedia":[{"embeddable":true,"href":"https:\/\/dgospel.com.br\/portal\/index.php\/wp-json\/wp\/v2\/media\/1011"}],"wp:attachment":[{"href":"https:\/\/dgospel.com.br\/portal\/index.php\/wp-json\/wp\/v2\/media?parent=1010"}],"wp:term":[{"taxonomy":"category","embeddable":true,"href":"https:\/\/dgospel.com.br\/portal\/index.php\/wp-json\/wp\/v2\/categories?post=1010"},{"taxonomy":"post_tag","embeddable":true,"href":"https:\/\/dgospel.com.br\/portal\/index.php\/wp-json\/wp\/v2\/tags?post=1010"}],"curies":[{"name":"wp","href":"https:\/\/api.w.org\/{rel}","templated":true}]}}