{"id":10102,"date":"2021-12-17T15:59:04","date_gmt":"2021-12-17T18:59:04","guid":{"rendered":"http:\/\/dgospel.com.br\/portal\/?p=10102"},"modified":"2021-12-17T15:59:05","modified_gmt":"2021-12-17T18:59:05","slug":"wanderlei-barbosa-autoriza-comando-do-corpo-de-bombeiros-a-dar-posse-a-novos-oficiais-e-pracas-concursados","status":"publish","type":"post","link":"https:\/\/dgospel.com.br\/portal\/index.php\/2021\/12\/17\/wanderlei-barbosa-autoriza-comando-do-corpo-de-bombeiros-a-dar-posse-a-novos-oficiais-e-pracas-concursados\/","title":{"rendered":"Wanderlei Barbosa autoriza Comando do Corpo de Bombeiros a dar posse a novos oficiais e pra\u00e7as concursados"},"content":{"rendered":"\n<p>Em reuni\u00e3o com o comandante do Corpo de Bombeiros Militar do Tocantins, coronel Carlos Eduardo Farias, o governador em exerc\u00edcio Wanderlei Barbosa, assinou na manh\u00e3 desta sexta-feira, 17, o ato de autoriza\u00e7\u00e3o para chamamento e posse dos oficiais e pra\u00e7as aprovados no \u00faltimo concurso da corpora\u00e7\u00e3o.&nbsp;<\/p>\n\n\n\n<p>\u201c\u00c9 do absoluto interesse da gest\u00e3o dar posse aos novos concursados e assim promover a renova\u00e7\u00e3o da tropa e poder ofertar um melhor atendimento \u00e0 popula\u00e7\u00e3o tocantinense. Tenho certeza que esses novos oficiais e pra\u00e7as brevemente estar\u00e3o totalmente envolvidos nos trabalhos da corpora\u00e7\u00e3o e atendendo a nossa popula\u00e7\u00e3o com a bravura e o empenho que essa atividade requer\u201d, destacou o governador Wanderlei Barbosa.<\/p>\n\n\n\n<p>O comandante geral do Corpo de Bombeiros, coronel Carlos Eduardo Farias, explicou que assim que o ato de autoriza\u00e7\u00e3o for publicado no Di\u00e1rio Oficial do Estado, imediatamente chamar\u00e1 cinco oficiais para tomar posse e iniciar o curso de forma\u00e7\u00e3o a partir do dia 5 de janeiro de 2022. \u201cN\u00f3s fazemos as forma\u00e7\u00f5es via conv\u00eanio com outras unidades do Corpo de Bombeiros. Primeiro vamos dar posse a cinco oficiais que come\u00e7am a forma\u00e7\u00e3o agora dia 5 de janeiro em Bras\u00edlia e o restante dos aprovados para o cargo de oficiais far\u00e3o essa forma\u00e7\u00e3o no Mato Grosso do Sul, possivelmente no final de janeiro, in\u00edcio de fevereiro\u201d, informou.<\/p>\n\n\n\n<p>Quanto aos pra\u00e7as, o Comandante informou que os mesmos ser\u00e3o empossados no in\u00edcio de janeiro. \u201cNo caso dos pra\u00e7as, a gente j\u00e1 est\u00e1 fazendo o processo para que tomem posse, com previs\u00e3o tamb\u00e9m de in\u00edcio da forma\u00e7\u00e3o na segunda quinzena de janeiro. Esse curso \u00e9 em torno de seis a oito meses, para que eles estejam em condi\u00e7\u00f5es de estar atuando nas frentes de servi\u00e7o da Corpora\u00e7\u00e3o. Mas durante o curso eles j\u00e1 podem realizar alguns servi\u00e7os, principalmente em Palmas, onde acontecer\u00e1 o curso, sendo distribu\u00eddos para todo Estado ap\u00f3s a conclus\u00e3o do mesmo\u201d, destacou.<\/p>\n\n\n\n<p>No total, ser\u00e3o convocados 115 candidatos aprovados no \u00faltimo concurso, sendo 100 para a fun\u00e7\u00e3o de pra\u00e7a e 15 para cadetes. \u201c\u00c9 muito importante destacar que a gente n\u00e3o tem concurso para oficiais desde 2009 e a \u00faltima turma de pra\u00e7as \u00e9 de 2016. Ent\u00e3o \u00e9 um prazo muito grande sem inclus\u00e3o de novos oficiais e pra\u00e7as\u201d, concluiu.<\/p>\n\n\n\n<figure class=\"wp-block-image\"><img src=\"https:\/\/central.to.gov.br\/image\/274922?w=670&amp;h=383\" alt=\"\"\/><\/figure>\n\n\n\n<p>O comandante geral do Corpo de Bombeiros, Coronel Farias, explicou que assim que o ato de autoriza\u00e7\u00e3o for publicado no Di\u00e1rio Oficial do Estado inicia o processo de posse dos novos concursados &#8211; Aldemar Ribeiro\/Governo do Tocantins&nbsp;\n\n<\/p>\n","protected":false},"excerpt":{"rendered":"<p>Em reuni\u00e3o com o comandante do Corpo de Bombeiros Militar do Tocantins, coronel Carlos Eduardo Farias, o governador em exerc\u00edcio Wanderlei Barbosa, assinou na manh\u00e3 desta sexta-feira, 17, o ato de autoriza\u00e7\u00e3o para chamamento e posse dos oficiais e pra\u00e7as aprovados no \u00faltimo concurso da corpora\u00e7\u00e3o.&nbsp; \u201c\u00c9 do absoluto interesse da gest\u00e3o dar posse aos [&hellip;]<\/p>\n","protected":false},"author":2,"featured_media":10103,"comment_status":"open","ping_status":"open","sticky":false,"template":"","format":"standard","meta":[],"categories":[4],"tags":[13],"_links":{"self":[{"href":"https:\/\/dgospel.com.br\/portal\/index.php\/wp-json\/wp\/v2\/posts\/10102"}],"collection":[{"href":"https:\/\/dgospel.com.br\/portal\/index.php\/wp-json\/wp\/v2\/posts"}],"about":[{"href":"https:\/\/dgospel.com.br\/portal\/index.php\/wp-json\/wp\/v2\/types\/post"}],"author":[{"embeddable":true,"href":"https:\/\/dgospel.com.br\/portal\/index.php\/wp-json\/wp\/v2\/users\/2"}],"replies":[{"embeddable":true,"href":"https:\/\/dgospel.com.br\/portal\/index.php\/wp-json\/wp\/v2\/comments?post=10102"}],"version-history":[{"count":1,"href":"https:\/\/dgospel.com.br\/portal\/index.php\/wp-json\/wp\/v2\/posts\/10102\/revisions"}],"predecessor-version":[{"id":10104,"href":"https:\/\/dgospel.com.br\/portal\/index.php\/wp-json\/wp\/v2\/posts\/10102\/revisions\/10104"}],"wp:featuredmedia":[{"embeddable":true,"href":"https:\/\/dgospel.com.br\/portal\/index.php\/wp-json\/wp\/v2\/media\/10103"}],"wp:attachment":[{"href":"https:\/\/dgospel.com.br\/portal\/index.php\/wp-json\/wp\/v2\/media?parent=10102"}],"wp:term":[{"taxonomy":"category","embeddable":true,"href":"https:\/\/dgospel.com.br\/portal\/index.php\/wp-json\/wp\/v2\/categories?post=10102"},{"taxonomy":"post_tag","embeddable":true,"href":"https:\/\/dgospel.com.br\/portal\/index.php\/wp-json\/wp\/v2\/tags?post=10102"}],"curies":[{"name":"wp","href":"https:\/\/api.w.org\/{rel}","templated":true}]}}