{"id":10111,"date":"2021-12-17T18:30:01","date_gmt":"2021-12-17T21:30:01","guid":{"rendered":"http:\/\/dgospel.com.br\/portal\/?p=10111"},"modified":"2021-12-17T18:30:02","modified_gmt":"2021-12-17T21:30:02","slug":"rubens-uchoa-e-destaque-com-16-de-todos-os-projetos-apresentados-na-camara-municipal-de-palmas-em-2021","status":"publish","type":"post","link":"https:\/\/dgospel.com.br\/portal\/index.php\/2021\/12\/17\/rubens-uchoa-e-destaque-com-16-de-todos-os-projetos-apresentados-na-camara-municipal-de-palmas-em-2021\/","title":{"rendered":"Rubens Uch\u00f4a \u00e9 destaque com 16% de todos os projetos apresentados na C\u00e2mara Municipal de Palmas em 2021"},"content":{"rendered":"\n<p>A Presid\u00eancia da C\u00e2mara de Palmas divulgou nesta\nquinta-feira, 16, um levantamento do n\u00famero de Projetos de Lei (PL) e\nrequerimentos apresentados durante o primeiro ano desta legislatura. Ao todo,\n514 propostas de legisla\u00e7\u00f5es foram feitas e 5.272 solicita\u00e7\u00f5es feitas ao Pa\u00e7o e\noutros \u00f3rg\u00e3os.<\/p>\n\n\n\n<p><strong>Rubens\nUch\u00f4a<\/strong><strong> foi respons\u00e1vel por 16% dos projetos\napresentados em 2021<\/strong><\/p>\n\n\n\n<p>O vice-presidente da C\u00e2mara Municipal, vereador Rubens\nUch\u00f4a foi o respons\u00e1vel por 16% de todos os Projetos apresentados, em um total\nde 84 projetos, atr\u00e1s somente da presidente da Casa, vereadora Janad Valcari,\nque apresentou 134 Projetos.&nbsp;<\/p>\n\n\n\n<p>Em seu primeiro ano de mandato, o vereador Rubens\nUch\u00f4a se tornou destaque na C\u00e2mara de Palmas pela postura firme em defender\nseus princ\u00edpios \u00e9tico e morais e, sempre firme na defesa da popula\u00e7\u00e3o.<\/p>\n\n\n\n<p>O vereador Rubens Uch\u00f4a que apresentou 16% de todos\nos Projetos apresentado este ano, foi muito criterioso em suas proposituras. Seus\nProjetos apresentados foram de acordo as demandas da popula\u00e7\u00e3o.<\/p>\n\n\n\n<p>Considerado o novo na pol\u00edtica na capital, Rubens\nUch\u00f4a tem conquistado respeito e admira\u00e7\u00e3o pelos seus pares, como tamb\u00e9m pelos\nveteranos da pol\u00edtica tocantinense. Em apenas um de mandato o jovem vereador\nconsolida cada dia como uma lideran\u00e7a de respeito e determina\u00e7\u00e3o. &nbsp;&nbsp;&nbsp;&nbsp;&nbsp;<\/p>\n\n\n\n<p><strong>Confira abaixo a \u00edntegra dos levantamentos:<\/strong><\/p>\n\n\n\n<figure class=\"wp-block-image\"><img src=\"https:\/\/clebertoledo.com.br\/wp-content\/uploads\/2021\/12\/Ranking-PLs-670x1024.jpeg\" alt=\"\" class=\"wp-image-136762\"\/><figcaption><strong>Projetos de Lei<\/strong><\/figcaption><\/figure>\n\n\n\n<figure class=\"wp-block-image\"><img src=\"https:\/\/clebertoledo.com.br\/wp-content\/uploads\/2021\/12\/Ranking-Requerimentos-751x1024.jpeg\" alt=\"\" class=\"wp-image-136763\"\/><\/figure>\n\n\n\n<p><\/p>\n","protected":false},"excerpt":{"rendered":"<p>A Presid\u00eancia da C\u00e2mara de Palmas divulgou nesta quinta-feira, 16, um levantamento do n\u00famero de Projetos de Lei (PL) e requerimentos apresentados durante o primeiro ano desta legislatura. Ao todo, 514 propostas de legisla\u00e7\u00f5es foram feitas e 5.272 solicita\u00e7\u00f5es feitas ao Pa\u00e7o e outros \u00f3rg\u00e3os. Rubens Uch\u00f4a foi respons\u00e1vel por 16% dos projetos apresentados em [&hellip;]<\/p>\n","protected":false},"author":2,"featured_media":10112,"comment_status":"open","ping_status":"open","sticky":false,"template":"","format":"standard","meta":[],"categories":[8],"tags":[13],"_links":{"self":[{"href":"https:\/\/dgospel.com.br\/portal\/index.php\/wp-json\/wp\/v2\/posts\/10111"}],"collection":[{"href":"https:\/\/dgospel.com.br\/portal\/index.php\/wp-json\/wp\/v2\/posts"}],"about":[{"href":"https:\/\/dgospel.com.br\/portal\/index.php\/wp-json\/wp\/v2\/types\/post"}],"author":[{"embeddable":true,"href":"https:\/\/dgospel.com.br\/portal\/index.php\/wp-json\/wp\/v2\/users\/2"}],"replies":[{"embeddable":true,"href":"https:\/\/dgospel.com.br\/portal\/index.php\/wp-json\/wp\/v2\/comments?post=10111"}],"version-history":[{"count":1,"href":"https:\/\/dgospel.com.br\/portal\/index.php\/wp-json\/wp\/v2\/posts\/10111\/revisions"}],"predecessor-version":[{"id":10113,"href":"https:\/\/dgospel.com.br\/portal\/index.php\/wp-json\/wp\/v2\/posts\/10111\/revisions\/10113"}],"wp:featuredmedia":[{"embeddable":true,"href":"https:\/\/dgospel.com.br\/portal\/index.php\/wp-json\/wp\/v2\/media\/10112"}],"wp:attachment":[{"href":"https:\/\/dgospel.com.br\/portal\/index.php\/wp-json\/wp\/v2\/media?parent=10111"}],"wp:term":[{"taxonomy":"category","embeddable":true,"href":"https:\/\/dgospel.com.br\/portal\/index.php\/wp-json\/wp\/v2\/categories?post=10111"},{"taxonomy":"post_tag","embeddable":true,"href":"https:\/\/dgospel.com.br\/portal\/index.php\/wp-json\/wp\/v2\/tags?post=10111"}],"curies":[{"name":"wp","href":"https:\/\/api.w.org\/{rel}","templated":true}]}}