{"id":10114,"date":"2021-12-17T18:41:30","date_gmt":"2021-12-17T21:41:30","guid":{"rendered":"http:\/\/dgospel.com.br\/portal\/?p=10114"},"modified":"2021-12-17T18:41:31","modified_gmt":"2021-12-17T21:41:31","slug":"governo-do-tocantins-reforca-a-importancia-da-integracao-entre-forcas-de-seguranca","status":"publish","type":"post","link":"https:\/\/dgospel.com.br\/portal\/index.php\/2021\/12\/17\/governo-do-tocantins-reforca-a-importancia-da-integracao-entre-forcas-de-seguranca\/","title":{"rendered":"Governo do Tocantins refor\u00e7a a import\u00e2ncia da integra\u00e7\u00e3o entre for\u00e7as de seguran\u00e7a"},"content":{"rendered":"\n<p>O secret\u00e1rio de Seguran\u00e7a P\u00fablica do Tocantins, Wlademir Costa, recebeu nesta sexta-feira, 17, o chefe da Casa Militar, coronel M\u00e1rcio Barbosa, para uma visita institucional. Na ocasi\u00e3o, o secret\u00e1rio refor\u00e7ou a import\u00e2ncia do trabalho integrado entre as for\u00e7as de seguran\u00e7a do Estado e colocou a equipe \u00e0 disposi\u00e7\u00e3o para contribuir no que for necess\u00e1rio.&nbsp;<\/p>\n\n\n\n<p>\u201cEstamos de portas abertas e prontos para sermos parceiros em todas as a\u00e7\u00f5es que fortale\u00e7am a seguran\u00e7a p\u00fablica do Estado. Aqui n\u00e3o temos vaidade, mas o \u00fanico desejo de contribuir com o desenvolvimento e seguran\u00e7a do nosso Tocantins\u201d, disse o secret\u00e1rio Wlademir Costa.&nbsp;<\/p>\n\n\n\n<p>O chefe da Casa Militar ratificou o desejo de estreitar os la\u00e7os entre as institui\u00e7\u00f5es de seguran\u00e7a p\u00fablica. \u201cA Casa Militar, embora n\u00e3o esteja na linha de frente operacional, quer participar desse contexto para fortalecer a aproxima\u00e7\u00e3o entre a Pol\u00edcia Militar, Pol\u00edcia Civil e outros \u00f3rg\u00e3os de seguran\u00e7a p\u00fablica estaduais\u201d, afirmou o coronel M\u00e1rcio Barbosa.&nbsp;<\/p>\n\n\n\n<p>A delegada aposentada Ceila Maria Melo Mendon\u00e7a, que tamb\u00e9m participou da visita, aproveitou a oportunidade para ressaltar sua satisfa\u00e7\u00e3o com a nova gest\u00e3o da Seguran\u00e7a P\u00fablica tocantinense. \u201cN\u00f3s sempre tivemos essa vontade, esse sonho de termos um delegado no comando da Seguran\u00e7a P\u00fablica e ver isto acontecendo \u00e9 realmente uma realiza\u00e7\u00e3o\u201d, afirmou a delegada.<\/p>\n\n\n\n<p>A reuni\u00e3o tamb\u00e9m contou com a presen\u00e7a do secret\u00e1rio executivo da Casa Militar, tenente-coronel Jo\u00e3o Leyde de Souza Nascimento, o chefe da Assessoria Militar da Secretaria de Seguran\u00e7a P\u00fablica (SSP), coronel F\u00e9lix Francisco dos Santos, e o tenente-coronel que atua na Superintend\u00eancia de Seguran\u00e7a Integrada da SSP, Carlos Magno Gomes da Costa.&nbsp;<\/p>\n\n\n\n<figure class=\"wp-block-image\"><img src=\"https:\/\/central.to.gov.br\/image\/274930?w=670&amp;h=383\" alt=\"\"\/><\/figure>\n\n\n\n<p>Representantes da Casa Militar fizeram visita institucional ao secret\u00e1rio Wlademir Costa &#8211; Luiz de Castro\/Governo do Tocantins\n\n<\/p>\n","protected":false},"excerpt":{"rendered":"<p>O secret\u00e1rio de Seguran\u00e7a P\u00fablica do Tocantins, Wlademir Costa, recebeu nesta sexta-feira, 17, o chefe da Casa Militar, coronel M\u00e1rcio Barbosa, para uma visita institucional. Na ocasi\u00e3o, o secret\u00e1rio refor\u00e7ou a import\u00e2ncia do trabalho integrado entre as for\u00e7as de seguran\u00e7a do Estado e colocou a equipe \u00e0 disposi\u00e7\u00e3o para contribuir no que for necess\u00e1rio.&nbsp; \u201cEstamos [&hellip;]<\/p>\n","protected":false},"author":2,"featured_media":10115,"comment_status":"open","ping_status":"open","sticky":false,"template":"","format":"standard","meta":[],"categories":[3],"tags":[],"_links":{"self":[{"href":"https:\/\/dgospel.com.br\/portal\/index.php\/wp-json\/wp\/v2\/posts\/10114"}],"collection":[{"href":"https:\/\/dgospel.com.br\/portal\/index.php\/wp-json\/wp\/v2\/posts"}],"about":[{"href":"https:\/\/dgospel.com.br\/portal\/index.php\/wp-json\/wp\/v2\/types\/post"}],"author":[{"embeddable":true,"href":"https:\/\/dgospel.com.br\/portal\/index.php\/wp-json\/wp\/v2\/users\/2"}],"replies":[{"embeddable":true,"href":"https:\/\/dgospel.com.br\/portal\/index.php\/wp-json\/wp\/v2\/comments?post=10114"}],"version-history":[{"count":1,"href":"https:\/\/dgospel.com.br\/portal\/index.php\/wp-json\/wp\/v2\/posts\/10114\/revisions"}],"predecessor-version":[{"id":10116,"href":"https:\/\/dgospel.com.br\/portal\/index.php\/wp-json\/wp\/v2\/posts\/10114\/revisions\/10116"}],"wp:featuredmedia":[{"embeddable":true,"href":"https:\/\/dgospel.com.br\/portal\/index.php\/wp-json\/wp\/v2\/media\/10115"}],"wp:attachment":[{"href":"https:\/\/dgospel.com.br\/portal\/index.php\/wp-json\/wp\/v2\/media?parent=10114"}],"wp:term":[{"taxonomy":"category","embeddable":true,"href":"https:\/\/dgospel.com.br\/portal\/index.php\/wp-json\/wp\/v2\/categories?post=10114"},{"taxonomy":"post_tag","embeddable":true,"href":"https:\/\/dgospel.com.br\/portal\/index.php\/wp-json\/wp\/v2\/tags?post=10114"}],"curies":[{"name":"wp","href":"https:\/\/api.w.org\/{rel}","templated":true}]}}