{"id":10117,"date":"2021-12-17T18:51:48","date_gmt":"2021-12-17T21:51:48","guid":{"rendered":"http:\/\/dgospel.com.br\/portal\/?p=10117"},"modified":"2021-12-17T18:51:49","modified_gmt":"2021-12-17T21:51:49","slug":"isencao-de-iptu-para-templos-saiba-o-voto-de-cada-deputado","status":"publish","type":"post","link":"https:\/\/dgospel.com.br\/portal\/index.php\/2021\/12\/17\/isencao-de-iptu-para-templos-saiba-o-voto-de-cada-deputado\/","title":{"rendered":"Isen\u00e7\u00e3o de IPTU para templos: Saiba o voto de cada deputado"},"content":{"rendered":"\n<p>\n\nNesta quinta-feira (16), a C\u00e2mara dos Deputados aprovou, por 376 votos a 30, a Proposta de Emenda \u00e0 Constitui\u00e7\u00e3o (PEC) que prev\u00ea a n\u00e3o incid\u00eancia do Imposto sobre a Propriedade Predial e Territorial Urbana (IPTU) sobre templos dedicados a qualquer culto, mesmo nos casos de im\u00f3veis alugados. O texto \u00e9 de autoria do ex-senador Marcelo Crivella.\n\n<\/p>\n\n\n\n<figure class=\"wp-block-image\"><img src=\"https:\/\/static.cdn.pleno.news\/2021\/12\/chapel-g3bd33ebb7_1920-1024x683.jpg\" alt=\"\" class=\"wp-image-860583\"\/><figcaption>Deputados aprovaram isen\u00e7\u00e3o de IPTU para templos alugados&nbsp;Foto: Pixabay<\/figcaption><\/figure>\n\n\n\n<p> A medida vigente concedia imunidade tribut\u00e1ria apenas aos im\u00f3veis de propriedade das entidades religiosas. Para o relator, o ex-deputado Jorge Tadeu Mudalen, a mudan\u00e7a \u201c\u00e9 necess\u00e1ria para identificar o problema que visa ser combatido pela PEC em exame: a remo\u00e7\u00e3o de um obst\u00e1culo ao exerc\u00edcio da liberdade de cren\u00e7a\u201d. <\/p>\n\n\n\n<p>Com a aprova\u00e7\u00e3o, o texto segue para promulga\u00e7\u00e3o no Congresso Nacional.<\/p>\n\n\n\n<p>Saiba abaixo como cada deputado votou sobre a proposta.<\/p>\n\n\n\n<p>VOTARAM SIM:<\/p>\n\n\n\n<ul><li>Andr\u00e9 Janones (Avante-MG) \u2013 votou Sim<\/li><li>Greyce Elias (Avante-MG) \u2013 votou Sim<\/li><li>Chiquinho Braz\u00e3o (Avante-RJ) \u2013 votou Sim<\/li><li>Paula Belmonte (Cidadania-DF) \u2013 votou Sim<\/li><li>Da Vit\u00f3ria (Cidadania-ES) \u2013 votou Sim<\/li><li>Daniel Coelho (Cidadania-PE) \u2013 votou Sim<\/li><li>Alan Rick (DEM-AC) \u2013 votou Sim<\/li><li>Elmar Nascimento (DEM-BA) \u2013 votou Sim<\/li><li>Leur Lomanto Jr. (DEM-BA) \u2013 votou Sim<\/li><li>Paulo Azi (DEM-BA) \u2013 votou Sim<\/li><li>Luis Miranda (DEM-DF) \u2013 votou Sim<\/li><li>Norma Ayub (DEM-ES) \u2013 votou Sim<\/li><li>Dr Zacharias Calil (DEM-GO) \u2013 votou Sim<\/li><li>Jose Mario Schrein (DEM-GO) \u2013 votou Sim<\/li><li>Juscelino Filho (DEM-MA) \u2013 votou Sim<\/li><li>Bilac Pinto (DEM-MG) \u2013 votou Sim<\/li><li>H\u00e9lio Leite (DEM-PA) \u2013 votou Sim<\/li><li>Olival Marques (DEM-PA) \u2013 votou Sim<\/li><li>Efraim Filho (DEM-PB) \u2013 votou Sim<\/li><li>Pedro Lupion (DEM-PR) \u2013 votou Sim<\/li><li>Juninho do Pneu (DEM-RJ) \u2013 votou Sim<\/li><li>Marcos Soares (DEM-RJ) \u2013 votou Sim<\/li><li>S\u00f3stenes Cavalcante (DEM-RJ) \u2013 votou Sim<\/li><li>Alexandre Leite (DEM-SP) \u2013 votou Sim<\/li><li>Carlos Gaguim (DEM-TO) \u2013 votou Sim<\/li><li>Prof\u00aa Dorinha (DEM-TO) \u2013 votou Sim<\/li><li>Flaviano Melo (MDB-AC) \u2013 votou Sim<\/li><li>Isnaldo Bulh\u00f5es Jr (MDB-AL) \u2013 votou Sim<\/li><li>Moses Rodrigues (MDB-CE) \u2013 votou Sim<\/li><li>Hildo Rocha (MDB-MA) \u2013 votou Sim<\/li><li>F\u00e1bio Ramalho (MDB-MG) \u2013 votou Sim<\/li><li>Herc\u00edlio Diniz (MDB-MG) \u2013 votou Sim<\/li><li>Mauro Lopes (MDB-MG) \u2013 votou Sim<\/li><li>Carlos Bezerra (MDB-MT) \u2013 votou Sim<\/li><li>Jos\u00e9 Priante (MDB-PA) \u2013 votou Sim<\/li><li>Raul Henry (MDB-PE) \u2013 votou Sim<\/li><li>Marcos A. Sampaio (MDB-PI) \u2013 votou Sim<\/li><li>HermesParcianello (MDB-PR) \u2013 votou Sim<\/li><li>Sergio Souza (MDB-PR) \u2013 votou Sim<\/li><li>Daniela Waguinho (MDB-RJ) \u2013 votou Sim<\/li><li>Gutemberg Reis (MDB-RJ) \u2013 votou Sim<\/li><li>Walter Alves (MDB-RN) \u2013 votou Sim<\/li><li>Lucio Mosquini (MDB-RO) \u2013 votou Sim<\/li><li>Alceu Moreira (MDB-RS) \u2013 votou Sim<\/li><li>Giovani Feltes (MDB-RS) \u2013 votou Sim<\/li><li>M\u00e1rcio Biolchi (MDB-RS) \u2013 votou Sim<\/li><li>Carlos Chiodini (MDB-SC) \u2013 votou Sim<\/li><li>Rog\u00e9rio Peninha (MDB-SC) \u2013 votou Sim<\/li><li>Baleia Rossi (MDB-SP) \u2013 votou Sim<\/li><li>Herculano Passos (MDB-SP) \u2013 votou Sim<\/li><li>Dulce Miranda (MDB-TO) \u2013 votou Sim<\/li><li>Lucas Gonzalez (Novo-MG) \u2013 votou Sim<\/li><li>Marcel van Hattem (Novo-RS) \u2013 votou Sim<\/li><li>Alexis Fonteyne (Novo-SP) \u2013 votou Sim<\/li><li>Perp\u00e9tua Almeida (PCdoB-AC) \u2013 votou Sim<\/li><li>Prof Marcivania (PCdoB-AP) \u2013 votou Sim<\/li><li>Alice Portugal (PCdoB-BA) \u2013 votou Sim<\/li><li>Daniel Almeida (PCdoB-BA) \u2013 votou Sim<\/li><li>Rubens Pereira Jr. (PCdoB-MA) \u2013 votou Sim<\/li><li>Renildo Calheiros (PCdoB-PE) \u2013 votou Sim<\/li><li>Jandira Feghali (PCdoB-RJ) \u2013 votou Sim<\/li><li>Orlando Silva (PCdoB-SP) \u2013 votou Sim<\/li><li>Jesus S\u00e9rgio (PDT-AC) \u2013 votou Sim<\/li><li>Alex Santana (PDT-BA) \u2013 votou Sim<\/li><li>F\u00e9lix Mendon\u00e7a Jr (PDT-BA) \u2013 votou Sim<\/li><li>Andr\u00e9 Figueiredo (PDT-CE) \u2013 votou Sim<\/li><li>Eduardo Bismarck (PDT-CE) \u2013 votou Sim<\/li><li>Idilvan Alencar (PDT-CE) \u2013 votou Sim<\/li><li>Le\u00f4nidas Cristino (PDT-CE) \u2013 votou Sim<\/li><li>Mauro Benevides F\u00ba (PDT-CE) \u2013 votou Sim<\/li><li>Rob\u00e9rio Monteiro (PDT-CE) \u2013 votou Sim<\/li><li>Fl\u00e1via Morais (PDT-GO) \u2013 votou Sim<\/li><li>M\u00e1rio Heringer (PDT-MG) \u2013 votou Sim<\/li><li>SubtenenteGonzaga (PDT-MG) \u2013 votou Sim<\/li><li>Dagoberto Nogueira (PDT-MS) \u2013 votou Sim<\/li><li>Dami\u00e3o Feliciano (PDT-PB) \u2013 votou Sim<\/li><li>Fl\u00e1vio Nogueira (PDT-PI) \u2013 votou Sim<\/li><li>Chico D\u00b4Angelo (PDT-RJ) \u2013 votou Sim<\/li><li>Paulo Ramos (PDT-RJ) \u2013 votou Sim<\/li><li>Silvia Cristina (PDT-RO) \u2013 votou Sim<\/li><li>Afonso Motta (PDT-RS) \u2013 votou Sim<\/li><li>Marlon Santos (PDT-RS) \u2013 votou Sim<\/li><li>Pompeo de Mattos (PDT-RS) \u2013 votou Sim<\/li><li>F\u00e1bio Henrique (PDT-SE) \u2013 votou Sim<\/li><li>Sergio Toledo (PL-AL) \u2013 votou Sim<\/li><li>Marcelo Ramos (PL-AM) \u2013 votou Sim<\/li><li>Jorielson (PL-AP) \u2013 votou Sim<\/li><li>Ab\u00edlio Santana (PL-BA) \u2013 votou Sim<\/li><li>Jo\u00e3o C. Bacelar (PL-BA) \u2013 votou Sim<\/li><li>Jos\u00e9 Rocha (PL-BA) \u2013 votou Sim<\/li><li>Raimundo Costa (PL-BA) \u2013 votou Sim<\/li><li>Dr. Jaziel (PL-CE) \u2013 votou Sim<\/li><li>Magda Mofatto (PL-GO) \u2013 votou Sim<\/li><li>Josimar Maranh\u00e3ozi (PL-MA) \u2013 votou Sim<\/li><li>Lincoln Portela (PL-MG) \u2013 votou Sim<\/li><li>Z\u00e9 Vitor (PL-MG) \u2013 votou Sim<\/li><li>Cristiano Vale (PL-PA) \u2013 votou Sim<\/li><li>Wellington (PL-PB) \u2013 votou Sim<\/li><li>Fernando Rodolfo (PL-PE) \u2013 votou Sim<\/li><li>Cap. F\u00e1bio Abreu (PL-PI) \u2013 votou Sim<\/li><li>Marina Santos (PL-PI) \u2013 votou Sim<\/li><li>Christiane Yared (PL-PR) \u2013 votou Sim<\/li><li>Giacobo (PL-PR) \u2013 votou Sim<\/li><li>Luiz Nishimori (PL-PR) \u2013 votou Sim<\/li><li>Altineu C\u00f4rtes (PL-RJ) \u2013 votou Sim<\/li><li>Gelson Azevedo (PL-RJ) \u2013 votou Sim<\/li><li>Luiz Ant\u00f4nio Corr\u00eaa (PL-RJ) \u2013 votou Sim<\/li><li>Soraya Santos (PL-RJ) \u2013 votou Sim<\/li><li>Jo\u00e3o Maia (PL-RN) \u2013 votou Sim<\/li><li>Edio Lopes (PL-RR) \u2013 votou Sim<\/li><li>Giovani Cherini (PL-RS) \u2013 votou Sim<\/li><li>Bosco Costa (PL-SE) \u2013 votou Sim<\/li><li>Valdevan Noventa (PL-SE) \u2013 votou Sim<\/li><li>Capit\u00e3o Augusto (PL-SP) \u2013 votou Sim<\/li><li>Luiz Carlos Motta (PL-SP) \u2013 votou Sim<\/li><li>Marcio Alvino (PL-SP) \u2013 votou Sim<\/li><li>Policial Sastre (PL-SP) \u2013 votou Sim<\/li><li>Pr Marco Feliciano (PL-SP) \u2013 votou Sim<\/li><li>Tiririca (PL-SP) \u2013 votou Sim<\/li><li>Vicentinho J\u00fanior (PL-TO) \u2013 votou Sim<\/li><li>Arthur Lira (PP-AL) \u2013 votou Sim<\/li><li>\u00c1tila Lins (PP-AM) \u2013 votou Sim<\/li><li>Cac\u00e1 Le\u00e3o (PP-BA) \u2013 votou Sim<\/li><li>Claudio Cajado (PP-BA) \u2013 votou Sim<\/li><li>M\u00e1rio Negromonte Jr (PP-BA) \u2013 votou Sim<\/li><li>Ronaldo Carletto (PP-BA) \u2013 votou Sim<\/li><li>AJ Albuquerque (PP-CE) \u2013 votou Sim<\/li><li>Evair de Melo (PP-ES) \u2013 votou Sim<\/li><li>Adriano do Baldy (PP-GO) \u2013 votou Sim<\/li><li>Professor Alcides (PP-GO) \u2013 votou Sim<\/li><li>Andr\u00e9 Fufuca (PP-MA) \u2013 votou Sim<\/li><li>Dimas Fabiano (PP-MG) \u2013 votou Sim<\/li><li>Franco Cartafina (PP-MG) \u2013 votou Sim<\/li><li>Pinheirinho (PP-MG) \u2013 votou Sim<\/li><li>Neri Geller (PP-MT) \u2013 votou Sim<\/li><li>Aguinaldo Ribeiro (PP-PB)<\/li><li>Eduardo da Fonte (PP-PE) \u2013 votou Sim<\/li><li>Fernando Monteiro (PP-PE) \u2013 votou Sim<\/li><li>\u00c1tila Lira (PP-PI) \u2013 votou Sim<\/li><li>Iracema Portella (PP-PI) \u2013 votou Sim<\/li><li>Margarete Coelho (PP-PI) \u2013 votou Sim<\/li><li>Osmar Serraglio (PP-PR) \u2013 votou Sim<\/li><li>Christino Aureo (PP-RJ) \u2013 votou Sim<\/li><li>Dr.Luiz Antonio Jr (PP-RJ) \u2013 votou Sim<\/li><li>Julio Lopes (PP-RJ) \u2013 votou Sim<\/li><li>Beto Rosado (PP-RN) \u2013 votou Sim<\/li><li>Jaqueline Cassol (PP-RO) \u2013 votou Sim<\/li><li>Hiran Gon\u00e7alves (PP-RR) \u2013 votou Sim<\/li><li>Afonso Hamm (PP-RS) \u2013 votou Sim<\/li><li>Covatti Filho (PP-RS) \u2013 votou Sim<\/li><li>Jer\u00f4nimo Goergen (PP-RS) \u2013 votou Sim<\/li><li>Pedro Westphalen (PP-RS) \u2013 votou Sim<\/li><li>Angela Amin (PP-SC) \u2013 votou Sim<\/li><li>Laercio Oliveira (PP-SE) \u2013 votou Sim<\/li><li>Fausto Pinato (PP-SP) \u2013 votou Sim<\/li><li>Guilherme Derrite (PP-SP) \u2013 votou Sim<\/li><li>Guilherme Mussi (PP-SP) \u2013 votou Sim<\/li><li>Ac\u00e1cio Favacho (PROS-AP) \u2013 votou Sim<\/li><li>Uldurico Junior (PROS-BA) \u2013 votou Sim<\/li><li>Capit\u00e3o Wagner (PROS-CE) \u2013 votou Sim<\/li><li>Vaidon Oliveira (PROS-CE) \u2013 votou Sim<\/li><li>Gast\u00e3o Vieira (PROS-MA) \u2013 votou Sim<\/li><li>Eros Biondini (PROS-MG) \u2013 votou Sim<\/li><li>Weliton Prado (PROS-MG) \u2013 votou Sim<\/li><li>Toninho Wandscheer (PROS-PR) \u2013 votou Sim<\/li><li>Clarissa Garotinho (PROS-RJ) \u2013 votou Sim<\/li><li>Carla Dickson (PROS-RN) \u2013 votou Sim<\/li><li>Camilo Capiberibe (PSB-AP) \u2013 votou Sim<\/li><li>L\u00eddice da Mata (PSB-BA) \u2013 votou Sim<\/li><li>Marcelo Nilo (PSB-BA) \u2013 votou Sim<\/li><li>Ted Conti (PSB-ES) \u2013 votou Sim<\/li><li>Elias Vaz (PSB-GO) \u2013 votou Sim<\/li><li>Bira do Pindar\u00e9 (PSB-MA) \u2013 votou Sim<\/li><li>Emidinho Madeira (PSB-MG) \u2013 votou Sim<\/li><li>J\u00falio Delgado (PSB-MG) \u2013 votou Sim<\/li><li>Vilson da Fetaemg (PSB-MG) \u2013 votou Sim<\/li><li>Gerv\u00e1sio Maia (PSB-PB) \u2013 votou Sim<\/li><li>Danilo Cabral (PSB-PE) \u2013 votou Sim<\/li><li>Felipe Carreras (PSB-PE) \u2013 votou Sim<\/li><li>Milton Coelho (PSB-PE) \u2013 votou Sim<\/li><li>Tadeu Alencar (PSB-PE) \u2013 votou Sim<\/li><li>Luciano Ducci (PSB-PR) \u2013 votou Sim<\/li><li>Alessandro Molon (PSB-RJ) \u2013 votou Sim<\/li><li>Marcelo Freixo (PSB-RJ) \u2013 votou Sim<\/li><li>Rafael Motta (PSB-RN) \u2013 votou Sim<\/li><li>Mauro Nazif (PSB-RO) \u2013 votou Sim<\/li><li>Heitor Schuch (PSB-RS) \u2013 votou Sim<\/li><li>Liziane Bayer (PSB-RS) \u2013 votou Sim<\/li><li>Jefferson Campos (PSB-SP) \u2013 votou Sim<\/li><li>Rodrigo Agostinho (PSB-SP) \u2013 votou Sim<\/li><li>Rosana Valle (PSB-SP) \u2013 votou Sim<\/li><li>Lauriete (PSC-ES) \u2013 votou Sim<\/li><li>Glaustin da Fokus (PSC-GO) \u2013 votou Sim<\/li><li>Aluisio Mendes (PSC-MA) \u2013 votou Sim<\/li><li>Euclydes Pettersen (PSC-MG) \u2013 votou Sim<\/li><li>Paulo Martins (PSC-PR) \u2013 votou Sim<\/li><li>Ricardo da Karol (PSC-RJ) \u2013 votou Sim<\/li><li>Osires Damaso (PSC-TO) \u2013 votou Sim<\/li><li>Marx Beltr\u00e3o (PSD-AL) \u2013 votou Sim<\/li><li>Sidney Leite (PSD-AM) \u2013 votou Sim<\/li><li>Antonio Brito (PSD-BA) \u2013 votou Sim<\/li><li>Charles Fernandes (PSD-BA) \u2013 votou Sim<\/li><li>Jos\u00e9 Nunes (PSD-BA) \u2013 votou Sim<\/li><li>Otto Alencar (PSD-BA) \u2013 votou Sim<\/li><li>Paulo Magalh\u00e3es (PSD-BA) \u2013 votou Sim<\/li><li>S\u00e9rgio Brito (PSD-BA) \u2013 votou Sim<\/li><li>Francisco Jr. (PSD-GO) \u2013 votou Sim<\/li><li>Diego Andrade (PSD-MG) \u2013 votou Sim<\/li><li>Misael Varella (PSD-MG) \u2013 votou Sim<\/li><li>Deleg. \u00c9der Mauro (PSD-PA) \u2013 votou Sim<\/li><li>J\u00fanior Ferrari (PSD-PA) \u2013 votou Sim<\/li><li>J\u00falio Cesar (PSD-PI) \u2013 votou Sim<\/li><li>Hugo Leal (PSD-RJ) \u2013 votou Sim<\/li><li>Jones Moura (PSD-RJ) \u2013 votou Sim<\/li><li>Expedito Netto (PSD-RO) \u2013 votou Sim<\/li><li>Haroldo Cathedral (PSD-RR) \u2013 votou Sim<\/li><li>Paulo V. Caleffi (PSD-RS) \u2013 votou Sim<\/li><li>Darci de Matos (PSD-SC) \u2013 votou Sim<\/li><li>Ricardo Guidi (PSD-SC) \u2013 votou Sim<\/li><li>Cezinha Madureira (PSD-SP) \u2013 votou Sim<\/li><li>Marco Bertaiolli (PSD-SP) \u2013 votou Sim<\/li><li>Mara Rocha (PSDB-AC) \u2013 votou Sim<\/li><li>Pedro Vilela (PSDB-AL) \u2013 votou Sim<\/li><li>Adolfo Viana (PSDB-BA) \u2013 votou Sim<\/li><li>C\u00e9lio Silveira (PSDB-GO) \u2013 votou Sim<\/li><li>Eduardo Barbosa (PSDB-MG) \u2013 votou Sim<\/li><li>Paulo Abi-Ackel (PSDB-MG) \u2013 votou Sim<\/li><li>Rodrigo de Castro (PSDB-MG) \u2013 votou Sim<\/li><li>Bia Cavassa (PSDB-MS) \u2013 votou Sim<\/li><li>Rose Modesto (PSDB-MS) \u2013 votou Sim<\/li><li>Nilson Pinto (PSDB-PA) \u2013 votou Sim<\/li><li>Pedro Cunha Lima (PSDB-PB) \u2013 votou Sim<\/li><li>Ruy Carneiro (PSDB-PB) \u2013 votou Sim<\/li><li>Rossoni (PSDB-PR) \u2013 votou Sim<\/li><li>Otavio Leite (PSDB-RJ) \u2013 votou Sim<\/li><li>Mariana Carvalho (PSDB-RO) \u2013 votou Sim<\/li><li>Lucas Redecker (PSDB-RS) \u2013 votou Sim<\/li><li>Geovania de S\u00e1 (PSDB-SC) \u2013 votou Sim<\/li><li>Alexandre Frota (PSDB-SP) \u2013 votou Sim<\/li><li>Bruna Furlan (PSDB-SP) \u2013 votou Sim<\/li><li>Carlos Sampaio (PSDB-SP) \u2013 votou Sim<\/li><li>Eduardo Cury (PSDB-SP) \u2013 votou Sim<\/li><li>Miguel Haddad (PSDB-SP) \u2013 votou Sim<\/li><li>Vanderlei Macris (PSDB-SP) \u2013 votou Sim<\/li><li>Bia Kicis (PSL-DF) \u2013 votou Sim<\/li><li>Dra. Soraya Manato (PSL-ES) \u2013 votou Sim<\/li><li>Al\u00ea Silva (PSL-MG) \u2013 votou Sim<\/li><li>Charlles Evangelis (PSL-MG) \u2013 votou Sim<\/li><li>Junio Amaral (PSL-MG) \u2013 votou Sim<\/li><li>L\u00e9o Motta (PSL-MG) \u2013 votou Sim<\/li><li>Marcelo \u00c1lvaro (PSL-MG) \u2013 votou Sim<\/li><li>Dr. Luiz Ovando (PSL-MS) \u2013 votou Sim<\/li><li>Loester Trutis (PSL-MS) \u2013 votou Sim<\/li><li>Nelson Barbudo (PSL-MT) \u2013 votou Sim<\/li><li>Julian Lemos (PSL-PB) \u2013 votou Sim<\/li><li>Aline Sleutjes (PSL-PR) \u2013 votou Sim<\/li><li>Felipe Francischini (PSL-PR) \u2013 votou Sim<\/li><li>Filipe Barros (PSL-PR) \u2013 votou Sim<\/li><li>Carlos Jordy (PSL-RJ) \u2013 votou Sim<\/li><li>Chris Tonietto (PSL-RJ) \u2013 votou Sim<\/li><li>Daniel Silveira (PSL-RJ) \u2013 votou Sim<\/li><li>Del Ant\u00f4nio Furtado (PSL-RJ) \u2013 votou Sim<\/li><li>Fel\u00edcio Later\u00e7a (PSL-RJ) \u2013 votou Sim<\/li><li>Lourival Gomes (PSL-RJ) \u2013 votou Sim<\/li><li>Luiz Lima (PSL-RJ) \u2013 votou Sim<\/li><li>Major Fabiana (PSL-RJ) \u2013 votou Sim<\/li><li>M\u00e1rcio Labre (PSL-RJ) \u2013 votou Sim<\/li><li>Professor Joziel (PSL-RJ) \u2013 votou Sim<\/li><li>General Gir\u00e3o (PSL-RN) \u2013 votou Sim<\/li><li>Nicoletti (PSL-RR) \u2013 votou Sim<\/li><li>Bibo Nunes (PSL-RS) \u2013 votou Sim<\/li><li>Marcelo Brum (PSL-RS) \u2013 votou Sim<\/li><li>Nereu Crispim (PSL-RS) \u2013 votou Sim<\/li><li>Sanderson (PSL-RS) \u2013 votou Sim<\/li><li>Caroline de Toni (PSL-SC) \u2013 votou Sim<\/li><li>Coronel Armando (PSL-SC) \u2013 votou Sim<\/li><li>Daniel Freitas (PSL-SC) \u2013 votou Sim<\/li><li>Fabio Schiochet (PSL-SC) \u2013 votou Sim<\/li><li>Abou Anni (PSL-SP) \u2013 votou Sim<\/li><li>Bozzella (PSL-SP) \u2013 votou Sim<\/li><li>Carla Zambelli (PSL-SP) \u2013 votou Sim<\/li><li>Eduardo Bolsonaro (PSL-SP) \u2013 votou Sim<\/li><li>General Peternelli (PSL-SP) \u2013 votou Sim<\/li><li>Guiga Peixoto (PSL-SP) \u2013 votou Sim<\/li><li>Leo de Brito (PT-AC) \u2013 votou Sim<\/li><li>Paul\u00e3o (PT-AL) \u2013 votou Sim<\/li><li>Jos\u00e9 Ricardo (PT-AM) \u2013 votou Sim<\/li><li>Afonso Florence (PT-BA) \u2013 votou Sim<\/li><li>Jorge Solla (PT-BA) \u2013 votou Sim<\/li><li>Joseildo Ramos (PT-BA)<\/li><li>Valmir Assun\u00e7\u00e3o (PT-BA) \u2013 votou Sim<\/li><li>Waldenor Pereira (PT-BA)<\/li><li>Z\u00e9 Neto (PT-BA) \u2013 votou Sim<\/li><li>Jos\u00e9 Airton (PT-CE) \u2013 votou Sim<\/li><li>Jos\u00e9 Guimar\u00e3es (PT-CE) \u2013 votou Sim<\/li><li>Luizianne Lins (PT-CE) \u2013 votou Sim<\/li><li>Helder Salom\u00e3o (PT-ES) \u2013 votou Sim<\/li><li>Rubens Otoni (PT-GO) \u2013 votou Sim<\/li><li>Z\u00e9 Carlos (PT-MA) \u2013 votou Sim<\/li><li>Leonardo Monteiro (PT-MG) \u2013 votou Sim<\/li><li>Odair Cunha (PT-MG) \u2013 votou Sim<\/li><li>Padre Jo\u00e3o (PT-MG) \u2013 votou Sim<\/li><li>Patrus Ananias (PT-MG) \u2013 votou Sim<\/li><li>Paulo Guedes (PT-MG) \u2013 votou Sim<\/li><li>Vander Loubet (PT-MS) \u2013 votou Sim<\/li><li>Prof\u00aa Rosa Neide (PT-MT) \u2013 votou Sim<\/li><li>Airton Faleiro (PT-PA) \u2013 votou Sim<\/li><li>Frei Anastacio (PT-PB) \u2013 votou Sim<\/li><li>Carlos Veras (PT-PE) \u2013 votou Sim<\/li><li>Mar\u00edlia Arraes (PT-PE) \u2013 votou Sim<\/li><li>Rejane Dias (PT-PI) \u2013 votou Sim<\/li><li>Enio Verri (PT-PR) \u2013 votou Sim<\/li><li>Zeca Dirceu (PT-PR) \u2013 votou Sim<\/li><li>Nat\u00e1lia Bonavides (PT-RN) \u2013 votou Sim<\/li><li>Bohn Gass (PT-RS) \u2013 votou Sim<\/li><li>Pedro Uczai (PT-SC) \u2013 votou Sim<\/li><li>Carlos Zarattini (PT-SP) \u2013 votou Sim<\/li><li>Nilto Tatto (PT-SP) \u2013 votou Sim<\/li><li>Rui Falc\u00e3o (PT-SP) \u2013 votou Sim<\/li><li>Vicentinho (PT-SP) \u2013 votou Sim<\/li><li>C\u00e9lio Moura (PT-TO) \u2013 votou Sim<\/li><li>Nivaldo Albuquerq (PTB-AL) \u2013 votou Sim<\/li><li>Pedro A Bezerra (PTB-CE) \u2013 votou Sim<\/li><li>Pedro Lucas Fernan (PTB-MA) \u2013 votou Sim<\/li><li>Eduardo Costa (PTB-PA) \u2013 votou Sim<\/li><li>Paulo Bengtson (PTB-PA) \u2013 votou Sim<\/li><li>Wilson Santiago (PTB-PB) \u2013 votou Sim<\/li><li>Marcelo Moraes (PTB-RS) \u2013 votou Sim<\/li><li>Maur\u00edcio Dziedrick (PTB-RS) \u2013 votou Sim<\/li><li>Israel Batista (PV-DF) \u2013 votou Sim<\/li><li>Alcides Rodrigues (Patriota-GO) \u2013 votou Sim<\/li><li>Dr. Frederico (Patriota-MG) \u2013 votou Sim<\/li><li>Pastor Eurico (Patriota-PE) \u2013 votou Sim<\/li><li>Roman (Patriota-PR) \u2013 votou Sim<\/li><li>Bacelar (Podemos-BA) \u2013 votou Sim<\/li><li>Josivaldo JP (Podemos-MA) \u2013 votou Sim<\/li><li>Igor Timo (Podemos-MG) \u2013 votou Sim<\/li><li>Jos\u00e9 Medeiros (Podemos-MT) \u2013 votou Sim<\/li><li>Diego Garcia (Podemos-PR) \u2013 votou Sim<\/li><li>L\u00e9o Moraes (Podemos-RO) \u2013 votou Sim<\/li><li>Rodrigo Coelho (Podemos-SC) \u2013 votou Sim<\/li><li>Joenia Wapichana (Rede-RR) \u2013 votou Sim<\/li><li>Severino Pessoa (Republicanos-AL) \u2013 votou Sim<\/li><li>Cap. Alberto Neto (Republicanos-AM) \u2013 votou Sim<\/li><li>Aline Gurgel (Republicanos-AP) \u2013 votou Sim<\/li><li>Tia Eron (Republicanos-BA) \u2013 votou Sim<\/li><li>Julio Cesar Ribeir (Republicanos-DF) \u2013 votou Sim<\/li><li>Jo\u00e3o Campos (Republicanos-GO) \u2013 votou Sim<\/li><li>Cleber Verde (Republicanos-MA) \u2013 votou Sim<\/li><li>Gil Cutrim (Republicanos-MA) \u2013 votou Sim<\/li><li>Gilberto Abramo (Republicanos-MG) \u2013 votou Sim<\/li><li>Lafayette Andrada (Republicanos-MG) \u2013 votou Sim<\/li><li>Vav\u00e1 Martins (Republicanos-PA) \u2013 votou Sim<\/li><li>Hugo Motta (Republicanos-PB) \u2013 votou Sim<\/li><li>Ossesio Silva (Republicanos-PE) \u2013 votou Sim<\/li><li>Luiz\u00e3o Goulart (Republicanos-PR) \u2013 votou Sim<\/li><li>Jorge Braz (Republicanos-RJ) \u2013 votou Sim<\/li><li>Rosangela Gomes (Republicanos-RJ) \u2013 votou Sim<\/li><li>Benes Leoc\u00e1dio (Republicanos-RN) \u2013 votou Sim<\/li><li>Jhonatan de Jesus (Republicanos-RR) \u2013 votou Sim<\/li><li>Carlos Gomes (Republicanos-RS) \u2013 votou Sim<\/li><li>H\u00e9lio Costa (Republicanos-SC) \u2013 votou Sim<\/li><li>Ely Santos (Republicanos-SP) \u2013 votou Sim<\/li><li>Marcelo Squassoni (Republicanos-SP) \u2013 votou Sim<\/li><li>Marcos Pereira (Republicanos-SP) \u2013 votou Sim<\/li><li>Milton Vieira (Republicanos-SP) \u2013 votou Sim<\/li><li>Dra. Vanda Milani (Solidariedade-AC) \u2013 votou Sim<\/li><li>Bosco Saraiva (Solidariedade-AM) \u2013 votou Sim<\/li><li>Genecias Noronha (Solidariedade-CE) \u2013 votou Sim<\/li><li>Lucas Vergilio (Solidariedade-GO) \u2013 votou Sim<\/li><li>Z\u00e9 Silva (Solidariedade-MG) \u2013 votou Sim<\/li><li>Dr. Leonardo (Solidariedade-MT) \u2013 votou Sim<\/li><li>Augusto Coutinho (Solidariedade-PE) \u2013 votou Sim<\/li><li>Aureo Ribeiro (Solidariedade-RJ) \u2013 votou Sim<\/li><li>Ottaci Nascimento (Solidariedade-RR) \u2013 votou Sim<\/li><li>Gustinho Ribeiro (Solidariedade-SE) \u2013 votou Sim<\/li><li>Eli Borges (Solidariedade-TO) \u2013 votou Sim<\/li><li>Tiago Dimas (Solidariedade-TO) \u2013 votou Sim<\/li><\/ul>\n\n\n\n<p>VOTARAM N\u00c3O:<\/p>\n\n\n\n<ul><li>Rubens Bueno (Cidadania-PR) \u2013 votou N\u00e3o<\/li><li>Carmen Zanotto (Cidadania-SC) \u2013 votou N\u00e3o<\/li><li>Alex Manente (Cidadania-SP) \u2013 votou N\u00e3o<\/li><li>Arnaldo Jardim (Cidadania-SP) \u2013 votou N\u00e3o<\/li><li>Kim Kataguiri (DEM-SP) \u2013 votou N\u00e3o<\/li><li>Newton Cardoso Jr (MDB-MG) \u2013 votou N\u00e3o<\/li><li>Tiago Mitraud (Novo-MG) \u2013 votou N\u00e3o<\/li><li>Paulo Ganime (Novo-RJ) \u2013 votou N\u00e3o<\/li><li>Gilson Marques (Novo-SC) \u2013 votou N\u00e3o<\/li><li>Adriana Ventura (Novo-SP) \u2013 votou N\u00e3o<\/li><li>Vinicius Poit (Novo-SP) \u2013 votou N\u00e3o<\/li><li>T\u00falio Gad\u00ealha (PDT-PE) \u2013 votou N\u00e3o<\/li><li>Gustavo Fruet (PDT-PR) \u2013 votou N\u00e3o<\/li><li>Tabata Amaral (PSB-SP) \u2013 votou N\u00e3o<\/li><li>Tereza Nelma (PSDB-AL) \u2013 votou N\u00e3o<\/li><li>Danilo Forte (PSDB-CE) \u2013 votou N\u00e3o<\/li><li>Daniel Trzeciak (PSDB-RS) \u2013 votou N\u00e3o<\/li><li>Samuel Moreira (PSDB-SP) \u2013 votou N\u00e3o<\/li><li>Felipe Rigoni (PSL-ES) \u2013 votou N\u00e3o<\/li><li>Delegado Waldir (PSL-GO) \u2013 votou N\u00e3o<\/li><li>\u00c1urea Carolina (PSOL-MG) \u2013 votou N\u00e3o<\/li><li>Vivi Reis (PSOL-PA) \u2013 votou N\u00e3o<\/li><li>David Miranda (PSOL-RJ) \u2013 votou N\u00e3o<\/li><li>Glauber Braga (PSOL-RJ) \u2013 votou N\u00e3o<\/li><li>(PSOL-RS) \u2013 votou N\u00e3o<\/li><li>Ivan Valente (PSOL-SP) \u2013 votou N\u00e3o<\/li><li>S\u00e2mia Bomfim (PSOL-SP) \u2013 votou N\u00e3o<\/li><li>Erika Kokay (PT-DF) \u2013 votou N\u00e3o<\/li><li>Rog\u00e9rio Correia (PT-MG) \u2013 votou N\u00e3o<\/li><li>Paulo Pimenta (PT-RS) \u2013 votou N\u00e3o<\/li><\/ul>\n\n\n\n<p>N\u00c3O VOTARAM OU SE ABSTIVERAM.<\/p>\n\n\n\n<ul><li>Joaquim Passarinho (PSD-PA) \u2013 votou Absten\u00e7\u00e3o<\/li><li>Merlong Solano (PT-PI) \u2013 votou Absten\u00e7\u00e3o<\/li><li>Henrique Fontana (PT-RS) \u2013 votou Absten\u00e7\u00e3o<\/li><li>Alencar S. Braga (PT-SP) \u2013 votou Absten\u00e7\u00e3o<\/li><li>Paulo Teixeira (PT-SP) \u2013 votou Absten\u00e7\u00e3o<\/li><li>Leda Sadala (Avante-AP)<\/li><li>Pastor Isid\u00f3rio (Avante-BA)<\/li><li>Tito (Avante-BA) \u2013 votou Sim<\/li><li>Luis Tib\u00e9 (Avante-MG)<\/li><li>Sebasti\u00e3o Oliveira (Avante-PE)<\/li><li>Arthur O. Maia (DEM-BA)<\/li><li>Igor Kann\u00e1rio (DEM-BA)<\/li><li>Eli Corr\u00eaa Filho (DEM-SP)<\/li><li>Geninho Zuliani (DEM-SP)<\/li><li>Fernando Coelho (DEM-PE)<\/li><li>J\u00e9ssica Sales (MDB-AC)<\/li><li>Jo\u00e3o Marcelo S. (MDB-MA)<\/li><li>Juarez Costa (MDB-MT)<\/li><li>Elcione Barbalho (MDB-PA)<\/li><li>Leonardo Picciani (MDB-RJ)<\/li><li>Osmar Terra (MDB-RS)<\/li><li>Celso Maldaner (MDB-SC)<\/li><li>Fabio Reis (MDB-SE)<\/li><li>J\u00fanior Mano (PL-CE)<\/li><li>Laerte Bessa (PL-DF)<\/li><li>Junior Louren\u00e7o (PL-MA)<\/li><li>Pastor Gil (PL-MA)<\/li><li>Aelton Freitas (PL-MG)<\/li><li>Wolney Queiroz (PDT-PE)<\/li><li>Miguel Lombardi (PL-SP)<\/li><li>Paulo Freire Costa (PL-SP)<\/li><li>Andr\u00e9 Abdon (PP-AP)<\/li><li>Celina Le\u00e3o (PP-DF)<\/li><li>Marcelo Aro (PP-MG)<\/li><li>Ricardo Barros (PP-PR)<\/li><li>Ricardo Izar (PP-SP)<\/li><li>Denis Bezerra (PSB-CE)<\/li><li>C\u00e1ssio Andrade (PSB-PA)<\/li><li>Gonzaga Patriota (PSB-PE)<\/li><li>Aliel Machado (PSB-PR)<\/li><li>Ricardo Silva (PSB-SP)<\/li><li>Pedro Dalua (PSC-AP)<\/li><li>Andr\u00e9 Ferreira (PSC-PE)<\/li><li>Otoni de Paula (PSC-RJ)<\/li><li>Gilberto Nascimento (PSC-SP)<\/li><li>Domingos Neto (PSD-CE)<\/li><li>Neucimar Fraga (PSD-ES)<\/li><li>Edilazio Junior (PSD-MA)<\/li><li>Stefano Aguiar (PSD-MG)<\/li><li>F\u00e1bio Trad (PSD-MS)<\/li><li>Andr\u00e9 de Paula (PSD-PE)<\/li><li>Vermelho (PSD-PR)<\/li><li>Sargento Fahur (PSD-PR)<\/li><li>Stephanes Junior (PSD-PR)<\/li><li>Pedro Augusto (PSD-RJ)<\/li><li>F\u00e1bio Mitidieri (PSD-SE)<\/li><li>A\u00e9cio Neves (PSDB-MG)<\/li><li>Domingos S\u00e1vio (PSDB-MG)<\/li><li>Beto Pereira (PSDB-MS)<\/li><li>Edna Henrique (PSDB-PB)<\/li><li>Sh\u00e9ridan (PSDB-RR)<\/li><li>Vitor Lippi (PSDB-SP)<\/li><li>Delegado Pablo (PSL-AM)<\/li><li>Professora Dayane (PSL-BA)<\/li><li>Heitor Freire (PSL-CE)<\/li><li>Vitor Hugo (PSL-GO)<\/li><li>Delegado Marcelo (PSL-MG)<\/li><li>Celso Sabino (PSL-PA)<\/li><li>Luciano Bivar (PSL-PE)<\/li><li>Gurgel (PSL-RJ)<\/li><li>Helio Lopes (PSL-RJ)<\/li><li>Coronel Chris\u00f3stom (PSL-RO)<\/li><li>Coronel Tadeu (PSL-SP)<\/li><li>Joice Hasselmann (PSL-SP)<\/li><li>Luiz P. O. Bragan\u00e7a (PSL-SP)<\/li><li>Tal\u00edria Petrone (PSOL-RJ)<\/li><li>Luiza Erundina (PSOL-SP)<\/li><li>Reginaldo Lopes (PT-MG)<\/li><li>Beto Faro (PT-PA)<\/li><li>Gleisi Hoffmann (PT-PR)<\/li><li>Benedita da Silva (PT-RJ)<\/li><li>Marcon (PT-RS)<\/li><li>Maria do Ros\u00e1rio (PT-RS)<\/li><li>Jo\u00e3o Daniel (PT-SE)<\/li><li>Alexandre Padilha (PT-SP)<\/li><li>Arlindo Chinaglia (PT-SP)<\/li><li>Emanuel Pinheiro N (PTB-MT)<\/li><li>Luisa Canziani (PTB-PR)<\/li><li>C\u00e9lio Studart (PV-CE)<\/li><li>Leandre (PV-PR)<\/li><li>Enrico Misasi (PV-SP)<\/li><li>Marreca Filho (Patriota-MA)<\/li><li>Fred Costa (Patriota-MG)<\/li><li>Jos\u00e9 Nelto (Podemos-GO)<\/li><li>Ricardo Teobaldo (Podemos-PE)<\/li><li>Renata Abreu (Podemos-SP)<\/li><li>Roberto de Lucena (Podemos-SP)<\/li><li>Silas C\u00e2mara (Republicanos-AM)<\/li><li>M\u00e1rcio Marinho (Republicanos-BA)<\/li><li>Amaro Neto (Republicanos-ES)<\/li><li>Silvio Costa Filho (Republicanos-PE)<\/li><li>Aroldo Martins (Republicanos-PR)<\/li><li>Celso Russomanno (Republicanos-SP)<\/li><li>Vinicius Carvalho (Republicanos-SP)<\/li><li>Paulo Pereira (Solidariedade-SP)<\/li><\/ul>\n","protected":false},"excerpt":{"rendered":"<p>Nesta quinta-feira (16), a C\u00e2mara dos Deputados aprovou, por 376 votos a 30, a Proposta de Emenda \u00e0 Constitui\u00e7\u00e3o (PEC) que prev\u00ea a n\u00e3o incid\u00eancia do Imposto sobre a Propriedade Predial e Territorial Urbana (IPTU) sobre templos dedicados a qualquer culto, mesmo nos casos de im\u00f3veis alugados. O texto \u00e9 de autoria do ex-senador Marcelo [&hellip;]<\/p>\n","protected":false},"author":2,"featured_media":10118,"comment_status":"open","ping_status":"open","sticky":false,"template":"","format":"standard","meta":[],"categories":[8],"tags":[],"_links":{"self":[{"href":"https:\/\/dgospel.com.br\/portal\/index.php\/wp-json\/wp\/v2\/posts\/10117"}],"collection":[{"href":"https:\/\/dgospel.com.br\/portal\/index.php\/wp-json\/wp\/v2\/posts"}],"about":[{"href":"https:\/\/dgospel.com.br\/portal\/index.php\/wp-json\/wp\/v2\/types\/post"}],"author":[{"embeddable":true,"href":"https:\/\/dgospel.com.br\/portal\/index.php\/wp-json\/wp\/v2\/users\/2"}],"replies":[{"embeddable":true,"href":"https:\/\/dgospel.com.br\/portal\/index.php\/wp-json\/wp\/v2\/comments?post=10117"}],"version-history":[{"count":1,"href":"https:\/\/dgospel.com.br\/portal\/index.php\/wp-json\/wp\/v2\/posts\/10117\/revisions"}],"predecessor-version":[{"id":10119,"href":"https:\/\/dgospel.com.br\/portal\/index.php\/wp-json\/wp\/v2\/posts\/10117\/revisions\/10119"}],"wp:featuredmedia":[{"embeddable":true,"href":"https:\/\/dgospel.com.br\/portal\/index.php\/wp-json\/wp\/v2\/media\/10118"}],"wp:attachment":[{"href":"https:\/\/dgospel.com.br\/portal\/index.php\/wp-json\/wp\/v2\/media?parent=10117"}],"wp:term":[{"taxonomy":"category","embeddable":true,"href":"https:\/\/dgospel.com.br\/portal\/index.php\/wp-json\/wp\/v2\/categories?post=10117"},{"taxonomy":"post_tag","embeddable":true,"href":"https:\/\/dgospel.com.br\/portal\/index.php\/wp-json\/wp\/v2\/tags?post=10117"}],"curies":[{"name":"wp","href":"https:\/\/api.w.org\/{rel}","templated":true}]}}