{"id":1013,"date":"2018-08-16T09:09:07","date_gmt":"2018-08-16T12:09:07","guid":{"rendered":"http:\/\/dgospel.com.br\/portal\/?p=1013"},"modified":"2018-08-16T09:09:07","modified_gmt":"2018-08-16T12:09:07","slug":"por-motivos-de-saude-ex-governador-siqueira-campos-desiste-de-candidatura-ao-senado","status":"publish","type":"post","link":"https:\/\/dgospel.com.br\/portal\/index.php\/2018\/08\/16\/por-motivos-de-saude-ex-governador-siqueira-campos-desiste-de-candidatura-ao-senado\/","title":{"rendered":"Por motivos de sa\u00fade ex-governador Siqueira Campos desiste de candidatura ao Senado"},"content":{"rendered":"<p>O ex-governador do Tocantins, Jos\u00e9 Wilson Siqueira Campos (DEM), anunciou nesta quarta-feira (15) que desistiu da candidatura ao Senado nas elei\u00e7\u00f5es de outubro. Por\u00e9m, vai continuar na chapa como primeiro suplente do ex-deputado Eduardo Gomes, que assume seu lugar na disputa. O pol\u00edtico disse que tomou a decis\u00e3o por motivos de sa\u00fade.<\/p>\n<p>Siqueira Campos est\u00e1 internado com um quadro de anemia em um hospital particular da capital e n\u00e3o poderia viajar ao interior para a campanha.<\/p>\n<p>A candidatura dele era pela chapa de Mauro Carlesse (PHS). Siqueira Campos j\u00e1 foi governador do Tocantins por quatro mandatos, o mais recente entre 2011 e 2014. Ele completou 90 anos no \u00faltimo dia 1\u00ba de agosto.<\/p>\n<p><a href=\"http:\/\/g1.globo.com\/to\/tocantins\/noticia\/2017\/01\/siqueira-campos-e-diagnosticado-com-pneumonia-e-segue-internado.html\">O pol\u00edtico chegou a ficar internado em janeiro de 2017<\/a>\u00a0com pneumonia. Em 2016 ele tamb\u00e9m teve complica\u00e7\u00f5es no quadro de sa\u00fade ap\u00f3s ser diagnosticado com desidrata\u00e7\u00e3o.<\/p>\n","protected":false},"excerpt":{"rendered":"<p>O ex-governador do Tocantins, Jos\u00e9 Wilson Siqueira Campos (DEM), anunciou nesta quarta-feira (15) que desistiu da candidatura ao Senado nas elei\u00e7\u00f5es de outubro. Por\u00e9m, vai continuar na chapa como primeiro suplente do ex-deputado Eduardo Gomes, que assume seu lugar na disputa. O pol\u00edtico disse que tomou a decis\u00e3o por motivos de sa\u00fade. Siqueira Campos est\u00e1 [&hellip;]<\/p>\n","protected":false},"author":2,"featured_media":1014,"comment_status":"open","ping_status":"open","sticky":false,"template":"","format":"standard","meta":[],"categories":[2,4],"tags":[],"_links":{"self":[{"href":"https:\/\/dgospel.com.br\/portal\/index.php\/wp-json\/wp\/v2\/posts\/1013"}],"collection":[{"href":"https:\/\/dgospel.com.br\/portal\/index.php\/wp-json\/wp\/v2\/posts"}],"about":[{"href":"https:\/\/dgospel.com.br\/portal\/index.php\/wp-json\/wp\/v2\/types\/post"}],"author":[{"embeddable":true,"href":"https:\/\/dgospel.com.br\/portal\/index.php\/wp-json\/wp\/v2\/users\/2"}],"replies":[{"embeddable":true,"href":"https:\/\/dgospel.com.br\/portal\/index.php\/wp-json\/wp\/v2\/comments?post=1013"}],"version-history":[{"count":1,"href":"https:\/\/dgospel.com.br\/portal\/index.php\/wp-json\/wp\/v2\/posts\/1013\/revisions"}],"predecessor-version":[{"id":1015,"href":"https:\/\/dgospel.com.br\/portal\/index.php\/wp-json\/wp\/v2\/posts\/1013\/revisions\/1015"}],"wp:featuredmedia":[{"embeddable":true,"href":"https:\/\/dgospel.com.br\/portal\/index.php\/wp-json\/wp\/v2\/media\/1014"}],"wp:attachment":[{"href":"https:\/\/dgospel.com.br\/portal\/index.php\/wp-json\/wp\/v2\/media?parent=1013"}],"wp:term":[{"taxonomy":"category","embeddable":true,"href":"https:\/\/dgospel.com.br\/portal\/index.php\/wp-json\/wp\/v2\/categories?post=1013"},{"taxonomy":"post_tag","embeddable":true,"href":"https:\/\/dgospel.com.br\/portal\/index.php\/wp-json\/wp\/v2\/tags?post=1013"}],"curies":[{"name":"wp","href":"https:\/\/api.w.org\/{rel}","templated":true}]}}