{"id":10130,"date":"2021-12-27T22:12:20","date_gmt":"2021-12-28T01:12:20","guid":{"rendered":"http:\/\/dgospel.com.br\/portal\/?p=10130"},"modified":"2021-12-27T22:12:21","modified_gmt":"2021-12-28T01:12:21","slug":"deputados-querem-barrar-ato-da-anvisa-sobre-vacinar-criancas","status":"publish","type":"post","link":"https:\/\/dgospel.com.br\/portal\/index.php\/2021\/12\/27\/deputados-querem-barrar-ato-da-anvisa-sobre-vacinar-criancas\/","title":{"rendered":"Deputados querem \u201cbarrar\u201d ato da Anvisa sobre vacinar crian\u00e7as"},"content":{"rendered":"\n<p> Ap\u00f3s a Ag\u00eancia Nacional de Vigil\u00e2ncia Sanit\u00e1ria (Anvisa) aprovar a vacina\u00e7\u00e3o contra a Covid-19 para crian\u00e7as entre 5 e 11 anos de idade, um grupo de deputados federais tenta barrar a medida. O grupo apresentou um decreto legislativo para suspender a decis\u00e3o da Anvisa e impedir a imuniza\u00e7\u00e3o. <\/p>\n\n\n\n<p> A vacina que ser\u00e1 aplicada em crian\u00e7as ser\u00e1 diferente da utilizada em adultos e adolescentes. De acordo com a Anvisa, menores de 12 anos dever\u00e3o receber doses com apenas um ter\u00e7o da quantidade aplicada no restante do p\u00fablico. Para isso, a Pfizer dever\u00e1 produzir frascos diferentes para diferenciar os grupos, sendo usada a cor laranja para crian\u00e7as e a roxa para adolescentes e adultos. <\/p>\n\n\n\n<p>O decreto legislativo foi apresentado pelos deputados Bia Kicis (PSL-DF), Chris Tonietto (PSL-RJ), Diego Garcia (Podemos-PR), General Gir\u00e3o (PSL-RN), Junio Amaral (PSL-MG) e Dr. Luiz Ovando (PSL-MS).<\/p>\n\n\n\n<p>A ideia do texto \u00e9 suspender a resolu\u00e7\u00e3o da Anvisa que liberou os imunizantes para jovens entre 5 e 11 anos de idade. Para os parlamentares, \u201ccrian\u00e7as e adolescentes apresentam menos sintomas de infec\u00e7\u00e3o e s\u00e3o menos propensos, quando comparadas aos adultos, a chegar em um estado grave de covid-19\u201d.<\/p>\n\n\n\n<p>Al\u00e9m disso, o grupo apontou que \u201c\u00e9 poss\u00edvel encontrar publicamente not\u00edcias recentes que demonstram a preocupa\u00e7\u00e3o da Organiza\u00e7\u00e3o Mundial da Sa\u00fade sobre a vacina\u00e7\u00e3o em crian\u00e7as\u201d.<\/p>\n\n\n\n<p>De acordo com o Minist\u00e9rio da Sa\u00fade, a entrega das vacinas que ser\u00e3o utilizadas em crian\u00e7as deve ocorrer em janeiro. J\u00e1 a an\u00e1lise do decreto pode ocorrer em fevereiro, no retorno do Legislativo.<\/p>\n","protected":false},"excerpt":{"rendered":"<p>Ap\u00f3s a Ag\u00eancia Nacional de Vigil\u00e2ncia Sanit\u00e1ria (Anvisa) aprovar a vacina\u00e7\u00e3o contra a Covid-19 para crian\u00e7as entre 5 e 11 anos de idade, um grupo de deputados federais tenta barrar a medida. O grupo apresentou um decreto legislativo para suspender a decis\u00e3o da Anvisa e impedir a imuniza\u00e7\u00e3o. A vacina que ser\u00e1 aplicada em crian\u00e7as [&hellip;]<\/p>\n","protected":false},"author":2,"featured_media":10131,"comment_status":"open","ping_status":"open","sticky":false,"template":"","format":"standard","meta":[],"categories":[8,4],"tags":[],"_links":{"self":[{"href":"https:\/\/dgospel.com.br\/portal\/index.php\/wp-json\/wp\/v2\/posts\/10130"}],"collection":[{"href":"https:\/\/dgospel.com.br\/portal\/index.php\/wp-json\/wp\/v2\/posts"}],"about":[{"href":"https:\/\/dgospel.com.br\/portal\/index.php\/wp-json\/wp\/v2\/types\/post"}],"author":[{"embeddable":true,"href":"https:\/\/dgospel.com.br\/portal\/index.php\/wp-json\/wp\/v2\/users\/2"}],"replies":[{"embeddable":true,"href":"https:\/\/dgospel.com.br\/portal\/index.php\/wp-json\/wp\/v2\/comments?post=10130"}],"version-history":[{"count":1,"href":"https:\/\/dgospel.com.br\/portal\/index.php\/wp-json\/wp\/v2\/posts\/10130\/revisions"}],"predecessor-version":[{"id":10132,"href":"https:\/\/dgospel.com.br\/portal\/index.php\/wp-json\/wp\/v2\/posts\/10130\/revisions\/10132"}],"wp:featuredmedia":[{"embeddable":true,"href":"https:\/\/dgospel.com.br\/portal\/index.php\/wp-json\/wp\/v2\/media\/10131"}],"wp:attachment":[{"href":"https:\/\/dgospel.com.br\/portal\/index.php\/wp-json\/wp\/v2\/media?parent=10130"}],"wp:term":[{"taxonomy":"category","embeddable":true,"href":"https:\/\/dgospel.com.br\/portal\/index.php\/wp-json\/wp\/v2\/categories?post=10130"},{"taxonomy":"post_tag","embeddable":true,"href":"https:\/\/dgospel.com.br\/portal\/index.php\/wp-json\/wp\/v2\/tags?post=10130"}],"curies":[{"name":"wp","href":"https:\/\/api.w.org\/{rel}","templated":true}]}}