{"id":10136,"date":"2021-12-27T22:25:49","date_gmt":"2021-12-28T01:25:49","guid":{"rendered":"http:\/\/dgospel.com.br\/portal\/?p=10136"},"modified":"2021-12-27T22:25:51","modified_gmt":"2021-12-28T01:25:51","slug":"mendonca-assume-no-stf-acao-sobre-ensino-de-ideologia-genero-em-escolas","status":"publish","type":"post","link":"https:\/\/dgospel.com.br\/portal\/index.php\/2021\/12\/27\/mendonca-assume-no-stf-acao-sobre-ensino-de-ideologia-genero-em-escolas\/","title":{"rendered":"Mendon\u00e7a assume no STF a\u00e7\u00e3o sobre ensino de ideologia g\u00eanero em escolas"},"content":{"rendered":"\n<p>Uma a\u00e7\u00e3o que discute o ensino da&nbsp;<a href=\"https:\/\/guiame.com.br\/gospel\/noticias\/obrigatoriedade-da-ideologia-de-genero-nas-escolas-deve-ser-julgada-em-novembro-pelo-stf.html\"><strong>ideologia de g\u00eanero<\/strong><\/a>&nbsp;nas escolas ter\u00e1 como relator o ministro Andr\u00e9 Mendon\u00e7a, rec\u00e9m-empossado no Supremo Tribunal Federal (STF).<\/p>\n\n\n\n<p>A a\u00e7\u00e3o se trata de um processo movido pelo PSOL em 2018, que pede a derrubada de leis municipais que pro\u00edbem quest\u00f5es de g\u00eanero na grade curricular e materiais did\u00e1ticos das escolas de em Petrolina (PE) e Garanhuns (PE).<\/p>\n\n\n\n<p>Este n\u00e3o \u00e9 o primeiro processo sobre o tema a ser tratado no STF. De acordo com o UOL, desde 2017, pelo menos 11 a\u00e7\u00f5es contra leis locais que impedem discuss\u00f5es sobre g\u00eanero, orienta\u00e7\u00e3o sexual e termos similares chegaram ao Supremo.<\/p>\n\n\n\n<p>Desde ent\u00e3o, os ministros do STF j\u00e1 decidiram por anular leis que barram a ideologia de g\u00eanero nas escolas sete cidades: Nova Gama (GO), Foz do Igua\u00e7u (PR), Ipatinga (MG), Cascavel (PR), Paranagu\u00e1 (PR), Palmas (TO) e Londrina (PR).<\/p>\n\n\n\n<p><strong>Imposi\u00e7\u00e3o nas escolas&nbsp;<\/strong><\/p>\n\n\n\n<p>Segundo a Anajure (Associa\u00e7\u00e3o Nacional de Juristas Evang\u00e9licos), entidade evang\u00e9lica que atua nos processos sobre ensino de g\u00eanero no STF, a \u201cimposi\u00e7\u00e3o\u201d deste tema provocaria uma \u201cincompatibilidade com o direito dos pais de fazer com que seus filhos recebam educa\u00e7\u00e3o moral de acordo com suas pr\u00f3prias convic\u00e7\u00f5es.\u201d&nbsp;<\/p>\n\n\n\n<p>A advogada Edna Zilli, presidente da Anajure, disse ao UOL que n\u00e3o \u00e9 papel da escola quem apresentar \u00e0s crian\u00e7as conceitos como homossexualidade e diversidade de g\u00eanero.<\/p>\n\n\n\n<p>\u201cA televis\u00e3o e outros lugares deixam muito claro que existem essas op\u00e7\u00f5es, de casais do mesmo sexo. Mas fazer disso uma realidade nas escolas, eu acho que a grande maioria dos pais n\u00e3o quer isso para os filhos&#8221;, afirma Zilli.&nbsp;&nbsp;<\/p>\n\n\n\n<p><strong>Linguagem neutra&nbsp;<\/strong><\/p>\n\n\n\n<p>A linguagem neutra de g\u00eanero tamb\u00e9m entrou em pauta no STF em 2021. Em julho, o PT entrou com uma a\u00e7\u00e3o contra um&nbsp;<a href=\"https:\/\/guiame.com.br\/gospel\/noticias\/uso-de-linguagem-neutra-e-proibido-nas-escolas-de-criciuma-em-sc.html\"><strong>decreto do governo de Santa Catarina<\/strong><\/a>, que pro\u00edbe a linguagem neutra em institui\u00e7\u00f5es de ensino e documentos oficiais de \u00f3rg\u00e3os p\u00fablicos do estado.&nbsp;&nbsp;<\/p>\n\n\n\n<p>O relator do caso, ministro Nunes Marques, decidiu em outubro deste ano que o caso dever\u00e1 ser analisado diretamente pelo plen\u00e1rio do STF, mas a a\u00e7\u00e3o ainda n\u00e3o tem data para ser julgada, informa o UOL.&nbsp;&nbsp;<\/p>\n\n\n\n<p>Outro processo foi movido contra uma lei semelhante no estado de Rond\u00f4nia, que pro\u00edbe o uso da linguagem neutra na grade curricular e no material did\u00e1tico de institui\u00e7\u00f5es de ensino p\u00fablicas ou privadas, assim como em editais de concursos p\u00fablicos.&nbsp;&nbsp;<\/p>\n\n\n\n<p>A a\u00e7\u00e3o foi submetida a julgamento virtual, mas a an\u00e1lise n\u00e3o foi conclu\u00edda devido a um pedido de destaque feito por Nunes Marques.&nbsp;<\/p>\n","protected":false},"excerpt":{"rendered":"<p>Uma a\u00e7\u00e3o que discute o ensino da&nbsp;ideologia de g\u00eanero&nbsp;nas escolas ter\u00e1 como relator o ministro Andr\u00e9 Mendon\u00e7a, rec\u00e9m-empossado no Supremo Tribunal Federal (STF). A a\u00e7\u00e3o se trata de um processo movido pelo PSOL em 2018, que pede a derrubada de leis municipais que pro\u00edbem quest\u00f5es de g\u00eanero na grade curricular e materiais did\u00e1ticos das escolas [&hellip;]<\/p>\n","protected":false},"author":2,"featured_media":10137,"comment_status":"open","ping_status":"open","sticky":false,"template":"","format":"standard","meta":[],"categories":[4],"tags":[14],"_links":{"self":[{"href":"https:\/\/dgospel.com.br\/portal\/index.php\/wp-json\/wp\/v2\/posts\/10136"}],"collection":[{"href":"https:\/\/dgospel.com.br\/portal\/index.php\/wp-json\/wp\/v2\/posts"}],"about":[{"href":"https:\/\/dgospel.com.br\/portal\/index.php\/wp-json\/wp\/v2\/types\/post"}],"author":[{"embeddable":true,"href":"https:\/\/dgospel.com.br\/portal\/index.php\/wp-json\/wp\/v2\/users\/2"}],"replies":[{"embeddable":true,"href":"https:\/\/dgospel.com.br\/portal\/index.php\/wp-json\/wp\/v2\/comments?post=10136"}],"version-history":[{"count":1,"href":"https:\/\/dgospel.com.br\/portal\/index.php\/wp-json\/wp\/v2\/posts\/10136\/revisions"}],"predecessor-version":[{"id":10138,"href":"https:\/\/dgospel.com.br\/portal\/index.php\/wp-json\/wp\/v2\/posts\/10136\/revisions\/10138"}],"wp:featuredmedia":[{"embeddable":true,"href":"https:\/\/dgospel.com.br\/portal\/index.php\/wp-json\/wp\/v2\/media\/10137"}],"wp:attachment":[{"href":"https:\/\/dgospel.com.br\/portal\/index.php\/wp-json\/wp\/v2\/media?parent=10136"}],"wp:term":[{"taxonomy":"category","embeddable":true,"href":"https:\/\/dgospel.com.br\/portal\/index.php\/wp-json\/wp\/v2\/categories?post=10136"},{"taxonomy":"post_tag","embeddable":true,"href":"https:\/\/dgospel.com.br\/portal\/index.php\/wp-json\/wp\/v2\/tags?post=10136"}],"curies":[{"name":"wp","href":"https:\/\/api.w.org\/{rel}","templated":true}]}}