{"id":10142,"date":"2021-12-27T22:34:17","date_gmt":"2021-12-28T01:34:17","guid":{"rendered":"http:\/\/dgospel.com.br\/portal\/?p=10142"},"modified":"2021-12-27T22:34:19","modified_gmt":"2021-12-28T01:34:19","slug":"daniel-lanca-tempo-composicao-de-anderson-freire","status":"publish","type":"post","link":"https:\/\/dgospel.com.br\/portal\/index.php\/2021\/12\/27\/daniel-lanca-tempo-composicao-de-anderson-freire\/","title":{"rendered":"Daniel lan\u00e7a \u201cTempo\u201d, composi\u00e7\u00e3o de Anderson Freire"},"content":{"rendered":"\n<p>Indicado ao pr\u00eamio de \u201cMelhor \u00c1lbum de M\u00fasica Sertaneja\u201d, na 22\u00aa edi\u00e7\u00e3o Latin GRAMMY\u00ae com o \u00e1lbum digital \u201cDaniel em Casa\u201d, o cantor Daniel fez mais um lan\u00e7amento especial: a m\u00fasica \u201cTempo\u201d, dispon\u00edvel nas principais plataformas digitais via ONErpm.<\/p>\n\n\n\n<p>A can\u00e7\u00e3o composta por Anderson Freire, Andr\u00e9 Freire e Raquel Freire, foi produzida pelo pr\u00f3prio Daniel, em parceria com o maestro Rodrigo Costa, que tamb\u00e9m assina arranjo, teclados, percuss\u00e3o, mixagem e masteriza\u00e7\u00e3o.&nbsp;<\/p>\n\n\n\n<p>A grava\u00e7\u00e3o aconteceu no est\u00fadio na casa de Daniel, em Brotas (SP), e traz Franco Alencar no viol\u00e3o, Pedro Ivo no baixo e Deni Rocha no cello.<\/p>\n\n\n\n<p>\u201cTempo\u201d \u00e9 uma m\u00fasica com roupagem simples, emocionante e intimista, que prop\u00f5e uma reflex\u00e3o sobre esse tempo em que vivemos, especialmente os dois \u00faltimos anos em que temos ressignificado tanto as nossas rela\u00e7\u00f5es e a maneira como lidamos com o pr\u00f3prio tempo.<\/p>\n\n\n\n<p><em>Ou\u00e7a<\/em>:<\/p>\n\n\n\n<figure class=\"wp-block-embed-youtube wp-block-embed is-type-video is-provider-youtube wp-embed-aspect-16-9 wp-has-aspect-ratio\"><div class=\"wp-block-embed__wrapper\">\n<iframe loading=\"lazy\" title=\"Daniel - Tempo [Clipe Oficial]\" width=\"630\" height=\"354\" src=\"https:\/\/www.youtube.com\/embed\/spyjzYqfl1I?feature=oembed\" frameborder=\"0\" allow=\"accelerometer; autoplay; clipboard-write; encrypted-media; gyroscope; picture-in-picture\" allowfullscreen><\/iframe>\n<\/div><\/figure>\n\n\n\n<p>O artista ainda revelou que essa composi\u00e7\u00e3o mexe muito com os seus sentimentos. \u201cEssa can\u00e7\u00e3o \u00e9 muito especial para mim, pois desde que o Anderson Freire deu uma palhinha dela ao telefone, foi paix\u00e3o \u00e0 primeira vista. Essa m\u00fasica traz um sentimento forte do que estamos sentindo na pele, pela experi\u00eancia que estamos vivendo, de um tempo totalmente diferente, de introspec\u00e7\u00e3o, aprendizado, de virada de p\u00e1gina, de pura consci\u00eancia das coisas, de reavaliarmos que tudo tem o tem o seu devido valor\u201d, comentou Daniel.<\/p>\n\n\n\n<p>\u201cQuando eu canto essa m\u00fasica, ela me deixa realmente \u00e0 flor da pele, me d\u00e1 um embargo na voz, que me impossibilita de cantar da forma que gostaria, \u00e9 muito emocionante. Por isso, espero que as pessoas gostem e que consigam captar tudo isso que sinto e senti no momento da grava\u00e7\u00e3o, al\u00e9m de que possamos fazer a diferen\u00e7a na vida de algu\u00e9m por meio dessa can\u00e7\u00e3o\u201d, revelou o artista.<\/p>\n","protected":false},"excerpt":{"rendered":"<p>Indicado ao pr\u00eamio de \u201cMelhor \u00c1lbum de M\u00fasica Sertaneja\u201d, na 22\u00aa edi\u00e7\u00e3o Latin GRAMMY\u00ae com o \u00e1lbum digital \u201cDaniel em Casa\u201d, o cantor Daniel fez mais um lan\u00e7amento especial: a m\u00fasica \u201cTempo\u201d, dispon\u00edvel nas principais plataformas digitais via ONErpm. A can\u00e7\u00e3o composta por Anderson Freire, Andr\u00e9 Freire e Raquel Freire, foi produzida pelo pr\u00f3prio Daniel, [&hellip;]<\/p>\n","protected":false},"author":2,"featured_media":10143,"comment_status":"open","ping_status":"open","sticky":false,"template":"","format":"standard","meta":[],"categories":[17],"tags":[],"_links":{"self":[{"href":"https:\/\/dgospel.com.br\/portal\/index.php\/wp-json\/wp\/v2\/posts\/10142"}],"collection":[{"href":"https:\/\/dgospel.com.br\/portal\/index.php\/wp-json\/wp\/v2\/posts"}],"about":[{"href":"https:\/\/dgospel.com.br\/portal\/index.php\/wp-json\/wp\/v2\/types\/post"}],"author":[{"embeddable":true,"href":"https:\/\/dgospel.com.br\/portal\/index.php\/wp-json\/wp\/v2\/users\/2"}],"replies":[{"embeddable":true,"href":"https:\/\/dgospel.com.br\/portal\/index.php\/wp-json\/wp\/v2\/comments?post=10142"}],"version-history":[{"count":1,"href":"https:\/\/dgospel.com.br\/portal\/index.php\/wp-json\/wp\/v2\/posts\/10142\/revisions"}],"predecessor-version":[{"id":10144,"href":"https:\/\/dgospel.com.br\/portal\/index.php\/wp-json\/wp\/v2\/posts\/10142\/revisions\/10144"}],"wp:featuredmedia":[{"embeddable":true,"href":"https:\/\/dgospel.com.br\/portal\/index.php\/wp-json\/wp\/v2\/media\/10143"}],"wp:attachment":[{"href":"https:\/\/dgospel.com.br\/portal\/index.php\/wp-json\/wp\/v2\/media?parent=10142"}],"wp:term":[{"taxonomy":"category","embeddable":true,"href":"https:\/\/dgospel.com.br\/portal\/index.php\/wp-json\/wp\/v2\/categories?post=10142"},{"taxonomy":"post_tag","embeddable":true,"href":"https:\/\/dgospel.com.br\/portal\/index.php\/wp-json\/wp\/v2\/tags?post=10142"}],"curies":[{"name":"wp","href":"https:\/\/api.w.org\/{rel}","templated":true}]}}