{"id":10148,"date":"2021-12-27T22:56:53","date_gmt":"2021-12-28T01:56:53","guid":{"rendered":"http:\/\/dgospel.com.br\/portal\/?p=10148"},"modified":"2021-12-27T22:56:54","modified_gmt":"2021-12-28T01:56:54","slug":"governo-do-tocantins-leva-escolarizacao-profissionalizacao-e-trabalho-para-mais-de-2-500-custodiados-em-2021","status":"publish","type":"post","link":"https:\/\/dgospel.com.br\/portal\/index.php\/2021\/12\/27\/governo-do-tocantins-leva-escolarizacao-profissionalizacao-e-trabalho-para-mais-de-2-500-custodiados-em-2021\/","title":{"rendered":"Governo do Tocantins leva escolariza\u00e7\u00e3o, profissionaliza\u00e7\u00e3o e trabalho para mais de 2.500 custodiados em 2021"},"content":{"rendered":"\n<p>Entre os principais investimentos que transformaram o Sistema Penal do Tocantins, em refer\u00eancia nacional entre 2020 e 2021, est\u00e1 o fomento de atividades educacionais e laborais para as pessoas privadas de liberdade, por meio de programas como o&nbsp;<em>Novo Tempo<\/em>. Neste ano, al\u00e9m da reestrutura\u00e7\u00e3o f\u00edsica das unidades penais, administradas pela Secretaria de Estado da Cidadania e Justi\u00e7a (Seciju), o Governo do Tocantins tamb\u00e9m fomentou a oferta de escolariza\u00e7\u00e3o, cursos profissionalizantes, trabalho e assist\u00eancia integral aos custodiados, o que refletiu na seguran\u00e7a, na ordem e na disciplina do Sistema, al\u00e9m de oportunizar reinser\u00e7\u00e3o social e mudan\u00e7a de vida p\u00f3s-c\u00e1rcere.<\/p>\n\n\n\n<p>Conforme explica o superintendente de Administra\u00e7\u00e3o dos Sistemas Penitenci\u00e1rio e Prisional, Orleanes Alves, as melhorias no Sistema Penal resultam de seguran\u00e7a, ordem, mas tamb\u00e9m de pol\u00edticas que visem \u00e0 reinser\u00e7\u00e3o social e \u00e0 transforma\u00e7\u00e3o de vidas. \u201cCom este fortalecimento que alcan\u00e7amos, visamos \u00e0 execu\u00e7\u00e3o da pena como um todo, cumprindo com todas as assist\u00eancias ao preso, fortalecimento da oferta de educa\u00e7\u00e3o, cursos profissionalizantes de \u00e1reas em alta no mercado de trabalho, remi\u00e7\u00e3o de pena efetiva, al\u00e9m chamar \u00f3rg\u00e3os e institui\u00e7\u00f5es sociais parceiras visando \u00e0 aproxima\u00e7\u00e3o do Sistema Penal com a sociedade\u201d, frisou.<\/p>\n\n\n\n<p><strong>Educa\u00e7\u00e3o, trabalho e renda<\/strong><\/p>\n\n\n\n<p>Em rela\u00e7\u00e3o \u00e0 educa\u00e7\u00e3o formal, atualmente, 823 pessoas privadas de liberdade no Tocantins est\u00e3o matriculadas entre a alfabetiza\u00e7\u00e3o e a 3\u00aa s\u00e9rie do ensino m\u00e9dio e oito no ensino superior. Al\u00e9m disso, a Seciju tamb\u00e9m tem atuado para incentivar a educa\u00e7\u00e3o n\u00e3o formal dentro das unidades penais do Tocantins, por meio de projetos como o Monitoria PPL, no qual os pr\u00f3prios custodiados ministram cursos para os outros privados de liberdade. Nessa modalidade, j\u00e1 foram ofertados cursos de fabrica\u00e7\u00e3o de blocos de artefato e concreto, restaura\u00e7\u00e3o automotiva e amigurumi para 25 custodiados.<\/p>\n\n\n\n<p>Outro projeto criado pela Pasta que tem objetivo de regularizar e promover a remi\u00e7\u00e3o de pena pela leitura, \u00e9 o&nbsp;<em>Ler para Libertar<\/em>. Lan\u00e7ado em 2021, o projeto j\u00e1 conta com a participa\u00e7\u00e3o de 526 custodiados em 17 unidades penais do Tocantins.<\/p>\n\n\n\n<p>Em rela\u00e7\u00e3o \u00e0 capacita\u00e7\u00e3o profissional dos custodiados, tamb\u00e9m foram ofertados cursos profissionalizantes, por meio de parcerias ou de iniciativa da pr\u00f3pria unidade. Em 2021, mais de 200 custodiados passaram por capacita\u00e7\u00f5es profissionais ligados \u00e0s \u00e1reas de constru\u00e7\u00e3o civil, agricultura familiar, pedagogia e outros.<\/p>\n\n\n\n<p>Outro importante investimento realizado no Sistema Penal \u00e9 a promo\u00e7\u00e3o do trabalho, que contribui para a remi\u00e7\u00e3o de pena dos custodiados e, atrav\u00e9s do programa&nbsp;<em>Reeduca Tocantins<\/em>, possibilita a melhoria de estrutura em diversos espa\u00e7os p\u00fablicos do Estado. Neste ano, mais de 1.400 custodiados desempenharam fun\u00e7\u00f5es laborais, incluindo atividades remuneradas, n\u00e3o remuneradas e oficinas de trabalho.<\/p>\n\n\n\n<p><strong>Assist\u00eancia de sa\u00fade e religiosa<\/strong><\/p>\n\n\n\n<p>A Seciju tem trabalhado para garantir que as assist\u00eancias \u00e0 pessoa privada de liberdade sejam garantidas de forma integral, por meio de programas como o&nbsp;<em>Mais Reintegra\u00e7\u00e3o<\/em>, tamb\u00e9m criado em 2021, com a finalidade de assegurar direitos humanos, exerc\u00edcio da cidadania, presta\u00e7\u00e3o da assist\u00eancia material, de sa\u00fade, jur\u00eddica, social e cultural.<\/p>\n\n\n\n<p>Para possibilitar a conscientiza\u00e7\u00e3o acerca dos cuidados necess\u00e1rios com a sa\u00fade, al\u00e9m de atendimentos individuais, foram desenvolvidas campanhas como o&nbsp;<em>Setembro Amarelo<\/em>,&nbsp;<em>Outubro Rosa<\/em>&nbsp;e outros, em todas as 25 unidades penais do Tocantins. Diante disso, ao longo de 2021, mais de 3.500 custodiados receberam atendimentos ligados \u00e0 sa\u00fade.<\/p>\n\n\n\n<p>J\u00e1 em rela\u00e7\u00e3o \u00e0 assist\u00eancia religiosa, o Sistema Penal contou com a doa\u00e7\u00e3o da Sociedade B\u00edblica do Brasil de mais de 1.700 b\u00edblias, que foram distribu\u00eddas nas 25 unidades penais do Estado. A fim de levar mensagens de apoio para os custodiados, tamb\u00e9m foram realizadas a\u00e7\u00f5es religiosas em todas as unidades.<\/p>\n\n\n\n<p><strong>Medidas alternativas<\/strong><\/p>\n\n\n\n<p>Durante o ano de 2021, a Seciju tamb\u00e9m fortaleceu o atendimento \u00e0s pessoas em cumprimento de medidas alternativas no Tocantins. Por meio das Centrais de Penas e Medidas Alternativas localizadas nos munic\u00edpios de Palmas, Aragua\u00edna, Gurupi, Porto Nacional e Para\u00edso, foram realizados mais de 80 mil atendimentos, que v\u00e3o desde acolher, fiscalizar, acompanhar e orientar as pessoas em cumprimento de penas e determina\u00e7\u00e3o.<\/p>\n\n\n\n<p>Com pouco mais de um ano de funcionamento, as a\u00e7\u00f5es realizadas pelo Escrit\u00f3rio Social tamb\u00e9m se destacaram em 2021, com mais de 1.192 atividades, incluindo as individuais, como entrega de cestas e visitas domiciliares; e as em grupo, como a\u00e7\u00f5es tem\u00e1ticas com os assistidos, como o projeto&nbsp;<em>Forma\u00e7\u00e3o para Cidadania<\/em>, que tem ofertado oficinas e rodas de conversa com egressos e familiares.<\/p>\n\n\n\n<figure class=\"wp-block-image\"><img src=\"https:\/\/central.to.gov.br\/image\/275498?w=670&amp;h=383\" alt=\"\"\/><\/figure>\n\n\n\n<p>Escrit\u00f3rio Social da Seciju realizou mais de mil atividades para egressos do Sistema Penal em 2021 &#8211; Jo\u00e3o Pedro Gomes\/Governo do Tocantins\n\n<\/p>\n","protected":false},"excerpt":{"rendered":"<p>Entre os principais investimentos que transformaram o Sistema Penal do Tocantins, em refer\u00eancia nacional entre 2020 e 2021, est\u00e1 o fomento de atividades educacionais e laborais para as pessoas privadas de liberdade, por meio de programas como o&nbsp;Novo Tempo. Neste ano, al\u00e9m da reestrutura\u00e7\u00e3o f\u00edsica das unidades penais, administradas pela Secretaria de Estado da Cidadania [&hellip;]<\/p>\n","protected":false},"author":2,"featured_media":10149,"comment_status":"open","ping_status":"open","sticky":false,"template":"","format":"standard","meta":[],"categories":[3],"tags":[13],"_links":{"self":[{"href":"https:\/\/dgospel.com.br\/portal\/index.php\/wp-json\/wp\/v2\/posts\/10148"}],"collection":[{"href":"https:\/\/dgospel.com.br\/portal\/index.php\/wp-json\/wp\/v2\/posts"}],"about":[{"href":"https:\/\/dgospel.com.br\/portal\/index.php\/wp-json\/wp\/v2\/types\/post"}],"author":[{"embeddable":true,"href":"https:\/\/dgospel.com.br\/portal\/index.php\/wp-json\/wp\/v2\/users\/2"}],"replies":[{"embeddable":true,"href":"https:\/\/dgospel.com.br\/portal\/index.php\/wp-json\/wp\/v2\/comments?post=10148"}],"version-history":[{"count":1,"href":"https:\/\/dgospel.com.br\/portal\/index.php\/wp-json\/wp\/v2\/posts\/10148\/revisions"}],"predecessor-version":[{"id":10150,"href":"https:\/\/dgospel.com.br\/portal\/index.php\/wp-json\/wp\/v2\/posts\/10148\/revisions\/10150"}],"wp:featuredmedia":[{"embeddable":true,"href":"https:\/\/dgospel.com.br\/portal\/index.php\/wp-json\/wp\/v2\/media\/10149"}],"wp:attachment":[{"href":"https:\/\/dgospel.com.br\/portal\/index.php\/wp-json\/wp\/v2\/media?parent=10148"}],"wp:term":[{"taxonomy":"category","embeddable":true,"href":"https:\/\/dgospel.com.br\/portal\/index.php\/wp-json\/wp\/v2\/categories?post=10148"},{"taxonomy":"post_tag","embeddable":true,"href":"https:\/\/dgospel.com.br\/portal\/index.php\/wp-json\/wp\/v2\/tags?post=10148"}],"curies":[{"name":"wp","href":"https:\/\/api.w.org\/{rel}","templated":true}]}}