{"id":10151,"date":"2021-12-27T22:58:37","date_gmt":"2021-12-28T01:58:37","guid":{"rendered":"http:\/\/dgospel.com.br\/portal\/?p=10151"},"modified":"2021-12-27T22:58:38","modified_gmt":"2021-12-28T01:58:38","slug":"governo-do-tocantins-decreta-luto-oficial-de-tres-dias-em-razao-do-falecimento-de-brito-miranda","status":"publish","type":"post","link":"https:\/\/dgospel.com.br\/portal\/index.php\/2021\/12\/27\/governo-do-tocantins-decreta-luto-oficial-de-tres-dias-em-razao-do-falecimento-de-brito-miranda\/","title":{"rendered":"Governo do Tocantins decreta luto oficial de tr\u00eas dias em raz\u00e3o do falecimento de Brito Miranda"},"content":{"rendered":"\n<p>O governador em exerc\u00edcio do Estado do Tocantins, Wanderlei Barbosa, decretou luto oficial de tr\u00eas dias em raz\u00e3o do falecimento de Jos\u00e9 Edmar Brito Miranda, pai do ex-governador Marcelo Miranda, ocorrido na tarde deste s\u00e1bado, 25, em S\u00e3o Paulo.&nbsp;<\/p>\n\n\n\n<p>\u201c\u00c9 uma perda grande n\u00e3o s\u00f3 para os familiares, amigos e a classe pol\u00edtica, mas para todos os tocantinenses. Brito Miranda foi uma personalidade bastante expressiva na pol\u00edtica de Goi\u00e1s e do Tocantins. Faz parte da hist\u00f3ria deste Estado e deixou seu legado como homem p\u00fablico, era um pol\u00edtico vision\u00e1rio e arrojado\u201d, destaca o Governador.<\/p>\n\n\n\n<p><strong>Vida P\u00fablica<\/strong><\/p>\n\n\n\n<p>Brito Miranda como era conhecido por todos, era filho de Le\u00f4ncio Miranda e Ana\u00eddes Brito Miranda. Formado em Direito na Universidade Federal de Goi\u00e1s, especializou-se em Direito Agr\u00e1rio e foi promotor de justi\u00e7a. Essa especializa\u00e7\u00e3o profissional o habilitou para presidir o Instituto de Desenvolvimento Agr\u00e1rio do Estado de Goi\u00e1s (Idago) e ser chefe de gabinete da Secretaria de Agricultura daquele estado.<\/p>\n\n\n\n<p>Iniciou a carreira pol\u00edtica em 1962 quando foi eleito deputado estadual por Goi\u00e1s, pelo Partido Social Democr\u00e1tico (PSD), tendo migrado para o Movimento Democr\u00e1tico Brasileiro (MDB) ap\u00f3s a outorga do bipartidarismo pelo Regime Militar de 1964. Foi reeleito deputado estadual em 1966. Feito que alcan\u00e7ou novamente nas elei\u00e7\u00f5es de 1982 e 1986. Em 1988, disputou sua \u00faltima elei\u00e7\u00e3o como candidato a vice-governador do Tocantins na chapa do PMDB liderada por Jos\u00e9 Freire, n\u00e3o tendo sido eleito, visto que a chapa de Siqueira Campos e seu vice, Darci Coelho, venceu nas urnas.<\/p>\n\n\n\n<p>Tamb\u00e9m foi promotor de Justi\u00e7a no Tocantins e exerceu v\u00e1rios cargos p\u00fablicos durante as gest\u00f5es de seu filho, o ex-governador Marcelo de Carvalho Miranda, eleito em 2002, 2006 e 2014.<\/p>\n","protected":false},"excerpt":{"rendered":"<p>O governador em exerc\u00edcio do Estado do Tocantins, Wanderlei Barbosa, decretou luto oficial de tr\u00eas dias em raz\u00e3o do falecimento de Jos\u00e9 Edmar Brito Miranda, pai do ex-governador Marcelo Miranda, ocorrido na tarde deste s\u00e1bado, 25, em S\u00e3o Paulo.&nbsp; \u201c\u00c9 uma perda grande n\u00e3o s\u00f3 para os familiares, amigos e a classe pol\u00edtica, mas para [&hellip;]<\/p>\n","protected":false},"author":2,"featured_media":10152,"comment_status":"open","ping_status":"open","sticky":false,"template":"","format":"standard","meta":[],"categories":[3],"tags":[13],"_links":{"self":[{"href":"https:\/\/dgospel.com.br\/portal\/index.php\/wp-json\/wp\/v2\/posts\/10151"}],"collection":[{"href":"https:\/\/dgospel.com.br\/portal\/index.php\/wp-json\/wp\/v2\/posts"}],"about":[{"href":"https:\/\/dgospel.com.br\/portal\/index.php\/wp-json\/wp\/v2\/types\/post"}],"author":[{"embeddable":true,"href":"https:\/\/dgospel.com.br\/portal\/index.php\/wp-json\/wp\/v2\/users\/2"}],"replies":[{"embeddable":true,"href":"https:\/\/dgospel.com.br\/portal\/index.php\/wp-json\/wp\/v2\/comments?post=10151"}],"version-history":[{"count":1,"href":"https:\/\/dgospel.com.br\/portal\/index.php\/wp-json\/wp\/v2\/posts\/10151\/revisions"}],"predecessor-version":[{"id":10153,"href":"https:\/\/dgospel.com.br\/portal\/index.php\/wp-json\/wp\/v2\/posts\/10151\/revisions\/10153"}],"wp:featuredmedia":[{"embeddable":true,"href":"https:\/\/dgospel.com.br\/portal\/index.php\/wp-json\/wp\/v2\/media\/10152"}],"wp:attachment":[{"href":"https:\/\/dgospel.com.br\/portal\/index.php\/wp-json\/wp\/v2\/media?parent=10151"}],"wp:term":[{"taxonomy":"category","embeddable":true,"href":"https:\/\/dgospel.com.br\/portal\/index.php\/wp-json\/wp\/v2\/categories?post=10151"},{"taxonomy":"post_tag","embeddable":true,"href":"https:\/\/dgospel.com.br\/portal\/index.php\/wp-json\/wp\/v2\/tags?post=10151"}],"curies":[{"name":"wp","href":"https:\/\/api.w.org\/{rel}","templated":true}]}}