{"id":10157,"date":"2021-12-27T23:05:29","date_gmt":"2021-12-28T02:05:29","guid":{"rendered":"http:\/\/dgospel.com.br\/portal\/?p=10157"},"modified":"2021-12-27T23:05:30","modified_gmt":"2021-12-28T02:05:30","slug":"datafolha-constata-que-evangelicos-rejeitam-fortemente-as-bandeiras-lgbt","status":"publish","type":"post","link":"https:\/\/dgospel.com.br\/portal\/index.php\/2021\/12\/27\/datafolha-constata-que-evangelicos-rejeitam-fortemente-as-bandeiras-lgbt\/","title":{"rendered":"Datafolha constata que evang\u00e9licos rejeitam fortemente as bandeiras LGBT"},"content":{"rendered":"\n<p> A mesma pesquisa que apontou o \u00edcone da esquerda no pa\u00eds como sendo, supostamente, o presidente preferido dos evang\u00e9licos, mostra que esse segmento \u00e9 o que tem maior rejei\u00e7\u00e3o \u00e0s bandeiras de costumes dessa ideologia. <\/p>\n\n\n\n<p>A empresa de pesquisas Datafolha ouviu 3.666 pessoas com mais de 16 anos, presencialmente, em 191 cidades do pa\u00eds entre os dias 13 e 16 de dezembro. O levantamento mostra que os evang\u00e9licos s\u00e3o muito mais inflex\u00edveis com rela\u00e7\u00e3o a bandeiras progressistas que cat\u00f3licos e esp\u00edritas.<\/p>\n\n\n\n<p>67% dos entrevistados que se disseram evang\u00e9licos se op\u00f5e fortemente \u00e0 veicula\u00e7\u00e3o de propagandas na televis\u00e3o com parceiros homossexuais. Esse percentual \u00e9 de 50% entre cat\u00f3licos, e de 40% entre esp\u00edritas.<\/p>\n\n\n\n<p>De acordo com informa\u00e7\u00f5es do portal\u00a0<a rel=\"noreferrer noopener\" target=\"_blank\" href=\"https:\/\/ootimista.com.br\/panorama\/pesquisa-mostra-que-intolerancia-de-genero-e-maior-entre-evangelicos-que-entre-catolicos-e-espiritas\/\"><em>O Otimista<\/em><\/a>, o mesmo perfil de rejei\u00e7\u00e3o \u00e0s bandeiras LGBT \u00e9 observado entre os entrevistados que apoiam o governo do presidente Jair Bolsonaro (PL): 74% dos que disseram ter votado em Bolsonaro tamb\u00e9m reprovam a exist\u00eancia de publicidade com homossexuais.<\/p>\n\n\n\n<p>Esse resultado coloca em xeque o apontamento dos pesquisadores que afirmaram que a maioria dos evang\u00e9licos considera o ex-presidi\u00e1rio Lula (PT) seu presidente preferido. A pr\u00f3pria bancada evang\u00e9lica no Congresso Nacional decidiu contratar uma pesquisa de outra empresa para&nbsp;<a href=\"https:\/\/noticias.gospelmais.com.br\/bancada-evangelica-desmentir-datafolha-contrata-pesquisa-151075.html\"><strong>desmentir o Datafolha<\/strong><\/a>.<\/p>\n\n\n\n<p>O mesmo levantamento mostrou que, no geral, a popula\u00e7\u00e3o gostaria de preservar crian\u00e7as da exibi\u00e7\u00e3o de manifesta\u00e7\u00f5es de afeto entre homossexuais na televis\u00e3o: 51% dos entrevistados disseram concordar com a frase \u201ccomerciais com casais homossexuais devem ser proibidos para proteger as crian\u00e7as\u201d.<\/p>\n\n\n\n<p>Dentro do universo pesquisado, 45% declarou discordar totalmente ou parcialmente da frase, enquanto outros 2% afirmaram n\u00e3o ter opini\u00e3o formada.<\/p>\n\n\n\n<p>O apoio \u00e0 ideia de proibi\u00e7\u00e3o de publicidade com parceiros LGBT \u00e9 maior entre homens (55%) e entre pessoas de menor grau de ensino (57%). Entre mulheres, 48% reprovam propagandas com homossexuais, e entre os entrevistados com Ensino Superior o n\u00famero foi 39%.<\/p>\n\n\n\n<p><\/p>\n","protected":false},"excerpt":{"rendered":"<p>A mesma pesquisa que apontou o \u00edcone da esquerda no pa\u00eds como sendo, supostamente, o presidente preferido dos evang\u00e9licos, mostra que esse segmento \u00e9 o que tem maior rejei\u00e7\u00e3o \u00e0s bandeiras de costumes dessa ideologia. A empresa de pesquisas Datafolha ouviu 3.666 pessoas com mais de 16 anos, presencialmente, em 191 cidades do pa\u00eds entre [&hellip;]<\/p>\n","protected":false},"author":2,"featured_media":10158,"comment_status":"open","ping_status":"open","sticky":false,"template":"","format":"standard","meta":[],"categories":[5],"tags":[13],"_links":{"self":[{"href":"https:\/\/dgospel.com.br\/portal\/index.php\/wp-json\/wp\/v2\/posts\/10157"}],"collection":[{"href":"https:\/\/dgospel.com.br\/portal\/index.php\/wp-json\/wp\/v2\/posts"}],"about":[{"href":"https:\/\/dgospel.com.br\/portal\/index.php\/wp-json\/wp\/v2\/types\/post"}],"author":[{"embeddable":true,"href":"https:\/\/dgospel.com.br\/portal\/index.php\/wp-json\/wp\/v2\/users\/2"}],"replies":[{"embeddable":true,"href":"https:\/\/dgospel.com.br\/portal\/index.php\/wp-json\/wp\/v2\/comments?post=10157"}],"version-history":[{"count":1,"href":"https:\/\/dgospel.com.br\/portal\/index.php\/wp-json\/wp\/v2\/posts\/10157\/revisions"}],"predecessor-version":[{"id":10159,"href":"https:\/\/dgospel.com.br\/portal\/index.php\/wp-json\/wp\/v2\/posts\/10157\/revisions\/10159"}],"wp:featuredmedia":[{"embeddable":true,"href":"https:\/\/dgospel.com.br\/portal\/index.php\/wp-json\/wp\/v2\/media\/10158"}],"wp:attachment":[{"href":"https:\/\/dgospel.com.br\/portal\/index.php\/wp-json\/wp\/v2\/media?parent=10157"}],"wp:term":[{"taxonomy":"category","embeddable":true,"href":"https:\/\/dgospel.com.br\/portal\/index.php\/wp-json\/wp\/v2\/categories?post=10157"},{"taxonomy":"post_tag","embeddable":true,"href":"https:\/\/dgospel.com.br\/portal\/index.php\/wp-json\/wp\/v2\/tags?post=10157"}],"curies":[{"name":"wp","href":"https:\/\/api.w.org\/{rel}","templated":true}]}}