{"id":10160,"date":"2021-12-27T23:13:17","date_gmt":"2021-12-28T02:13:17","guid":{"rendered":"http:\/\/dgospel.com.br\/portal\/?p=10160"},"modified":"2021-12-27T23:13:18","modified_gmt":"2021-12-28T02:13:18","slug":"estado-de-calamidade-publica-por-causa-da-pandemia-e-prorrogado-ate-junho-de-2022-no-tocantins","status":"publish","type":"post","link":"https:\/\/dgospel.com.br\/portal\/index.php\/2021\/12\/27\/estado-de-calamidade-publica-por-causa-da-pandemia-e-prorrogado-ate-junho-de-2022-no-tocantins\/","title":{"rendered":"Estado de calamidade p\u00fablica por causa da pandemia \u00e9 prorrogado at\u00e9 junho de 2022 no Tocantins"},"content":{"rendered":"\n<p>O governador em exerc\u00edcio do Tocantins publicou um decreto na noite desta segunda-feira (27) prorrogando o estado de calamidade que est\u00e1 vigente desde mar\u00e7o de 2020 para o dia 30 de junho de 2022. A medida,&nbsp;<a href=\"https:\/\/g1.globo.com\/to\/tocantins\/noticia\/2020\/09\/19\/governo-prorroga-decreto-de-calamidade-publica-ate-dezembro-por-causa-do-cenario-de-pandemia-no-to.ghtml\">que venceria nesta segunda<\/a>, \u00e9 motivada pela pandemia de Covid-19. O texto afirma que a prorroga\u00e7\u00e3o foi necess\u00e1ria porque a situa\u00e7\u00e3o persiste e cita a preocupa\u00e7\u00e3o com a variante \u00f4micron<a href=\"https:\/\/g1.globo.com\/to\/tocantins\/noticia\/2021\/12\/23\/tocantins-confirma-primeiro-caso-de-infeccao-de-covid-19-pela-variante-omicron.ghtml\">, que teve o primeiro caso registrado no estado recentemente<\/a>.<\/p>\n\n\n\n<p>O documento \u00e9 assinado por Wanderlei Barbosa (Sem partido) e por integrantes do primeiro escal\u00e3o do estado. O estado de calamidade permite a realiza\u00e7\u00e3o de gastos extras sem licita\u00e7\u00e3o para o combate a doen\u00e7a. O documento tamb\u00e9m desobriga o Governo do Tocantins a cumprir metas fiscais e gastar apenas o que est\u00e1 previsto no or\u00e7amento anual.<\/p>\n\n\n\n<p>O novo decreto dever\u00e1 ser votado pelos deputados estaduais, mas como a Assembleia Legislativa do Tocantins j\u00e1 entrou em recesso a vota\u00e7\u00e3o vai ficar para 2022. Os n\u00fameros da pandemia no Tocantins&nbsp;<a href=\"https:\/\/g1.globo.com\/saude\/coronavirus\/noticia\/2021\/12\/27\/brasil-registra-91-mortes-covid-media-movel-fica-96.ght\">est\u00e3o completamente desatualizados desde o come\u00e7o do m\u00eas<\/a>&nbsp;por causa de um ataque hacker que prejudicou os sistemas do Minist\u00e9rio da Sa\u00fade. Ainda n\u00e3o foi divulgada uma previs\u00e3o de normaliza\u00e7\u00e3o.<\/p>\n\n\n\n<p>Ainda n\u00e3o est\u00e1 claro se a prorroga\u00e7\u00e3o do decreto de calamidade ter\u00e1 algum efeito sobre benef\u00edcios que foram anunciados aos servidores p\u00fablicos estaduais recentemente. No \u00faltimo m\u00eas, a Prefeitura de Palmas foi obrigada a suspender o pagamento de reajustes porque deu os aumentos enquanto estava em estado de calamidade p\u00fablica, o que \u00e9 vedado por lei.<\/p>\n\n\n\n<p>Em comunicado divulgado ap\u00f3s a publica\u00e7\u00e3o do decreto, Wanderlei Barbosa disse: &#8220;o momento ainda requer cuidados por parte de todos. Vamos continuar fazendo a nossa parte com a oferta de assist\u00eancia \u00e0 sa\u00fade da popula\u00e7\u00e3o, mas o que queremos \u00e9 que as pessoas mantenham os cuidados, usem m\u00e1scaras, \u00e1lcool gel e o distanciamento recomendado pelos organismos de sa\u00fade&#8221;.<\/p>\n\n\n\n<p>Fonte:  <strong>g1 Tocantins<\/strong> <\/p>\n","protected":false},"excerpt":{"rendered":"<p>O governador em exerc\u00edcio do Tocantins publicou um decreto na noite desta segunda-feira (27) prorrogando o estado de calamidade que est\u00e1 vigente desde mar\u00e7o de 2020 para o dia 30 de junho de 2022. A medida,&nbsp;que venceria nesta segunda, \u00e9 motivada pela pandemia de Covid-19. O texto afirma que a prorroga\u00e7\u00e3o foi necess\u00e1ria porque a [&hellip;]<\/p>\n","protected":false},"author":2,"featured_media":10161,"comment_status":"open","ping_status":"open","sticky":false,"template":"","format":"standard","meta":[],"categories":[4],"tags":[13],"_links":{"self":[{"href":"https:\/\/dgospel.com.br\/portal\/index.php\/wp-json\/wp\/v2\/posts\/10160"}],"collection":[{"href":"https:\/\/dgospel.com.br\/portal\/index.php\/wp-json\/wp\/v2\/posts"}],"about":[{"href":"https:\/\/dgospel.com.br\/portal\/index.php\/wp-json\/wp\/v2\/types\/post"}],"author":[{"embeddable":true,"href":"https:\/\/dgospel.com.br\/portal\/index.php\/wp-json\/wp\/v2\/users\/2"}],"replies":[{"embeddable":true,"href":"https:\/\/dgospel.com.br\/portal\/index.php\/wp-json\/wp\/v2\/comments?post=10160"}],"version-history":[{"count":1,"href":"https:\/\/dgospel.com.br\/portal\/index.php\/wp-json\/wp\/v2\/posts\/10160\/revisions"}],"predecessor-version":[{"id":10162,"href":"https:\/\/dgospel.com.br\/portal\/index.php\/wp-json\/wp\/v2\/posts\/10160\/revisions\/10162"}],"wp:featuredmedia":[{"embeddable":true,"href":"https:\/\/dgospel.com.br\/portal\/index.php\/wp-json\/wp\/v2\/media\/10161"}],"wp:attachment":[{"href":"https:\/\/dgospel.com.br\/portal\/index.php\/wp-json\/wp\/v2\/media?parent=10160"}],"wp:term":[{"taxonomy":"category","embeddable":true,"href":"https:\/\/dgospel.com.br\/portal\/index.php\/wp-json\/wp\/v2\/categories?post=10160"},{"taxonomy":"post_tag","embeddable":true,"href":"https:\/\/dgospel.com.br\/portal\/index.php\/wp-json\/wp\/v2\/tags?post=10160"}],"curies":[{"name":"wp","href":"https:\/\/api.w.org\/{rel}","templated":true}]}}