{"id":10163,"date":"2021-12-29T11:35:44","date_gmt":"2021-12-29T14:35:44","guid":{"rendered":"http:\/\/dgospel.com.br\/portal\/?p=10163"},"modified":"2021-12-29T11:35:45","modified_gmt":"2021-12-29T14:35:45","slug":"governador-oficializa-fabio-vaz-como-secretario-da-educacao-juventude-e-esportes-e-edinho-fernandes-assume-secretaria-executiva","status":"publish","type":"post","link":"https:\/\/dgospel.com.br\/portal\/index.php\/2021\/12\/29\/governador-oficializa-fabio-vaz-como-secretario-da-educacao-juventude-e-esportes-e-edinho-fernandes-assume-secretaria-executiva\/","title":{"rendered":"Governador oficializa F\u00e1bio Vaz como secret\u00e1rio da Educa\u00e7\u00e3o, Juventude e Esportes e Edinho Fernandes assume secretaria executiva"},"content":{"rendered":"\n<p>O governador em exerc\u00edcio do Estado do Tocantins, Wanderlei Barbosa, conduziu nessa ter\u00e7a-feira, 28, F\u00e1bio Pereira Vaz ao cargo de secret\u00e1rio de Estado da Educa\u00e7\u00e3o, Juventude e Esportes. F\u00e1bio Vaz j\u00e1 estava respondendo pela pasta desde o dia 23 de novembro, quando havia sido nomeado secret\u00e1rio executivo, agora passa a comandar a Secretaria oficialmente.<\/p>\n\n\n\n<p>Para o cargo de secret\u00e1rio executivo, foi nomeado o ex-presidente da Ag\u00eancia Tocantinense de Saneamento (ATS), Edinho Fernandes. As nomea\u00e7\u00f5es de ambos foram publicadas no Di\u00e1rio Oficial do Estado (DOE) dessa ter\u00e7a-feira, 28.<\/p>\n\n\n\n<p>\u201cEsses pouco mais de 30 dias respondendo pela Seduc, como secret\u00e1rio executivo, foram primordiais para que pud\u00e9ssemos nos familiarizar com a amplitude, a abrang\u00eancia e os desafios que a pasta representa, mas tamb\u00e9m trouxeram perspectivas muito positivas de como podemos trabalhar para promover a melhor educa\u00e7\u00e3o poss\u00edvel para nossas crian\u00e7as e jovens\u201d, apontou F\u00e1bio Vaz.<\/p>\n\n\n\n<p>O secret\u00e1rio tamb\u00e9m enfatizou conquistas relevantes alcan\u00e7adas neste per\u00edodo, como o pagamento de progress\u00f5es e datas-base aos servidores e a amplia\u00e7\u00e3o do di\u00e1logo com as entidades representativas, como alicerce para um novo tempo na educa\u00e7\u00e3o estadual. \u201cEstou certo de que criamos um ambiente prop\u00edcio para seguirmos avan\u00e7ando, a come\u00e7ar pela retomada das aulas presenciais na rede estadual em fevereiro, e me sinto honrado pela confian\u00e7a que o governador Wanderlei Barbosa demonstra ao me conduzir a esta miss\u00e3o t\u00e3o valorosa\u201d, enfatizou.<\/p>\n\n\n\n<p><strong>Perfis<\/strong><\/p>\n\n\n\n<p><strong>Secret\u00e1rio<\/strong><\/p>\n\n\n\n<p>F\u00e1bio Pereira Vaz \u00e9 Mestre em Gest\u00e3o de Pol\u00edticas P\u00fablicas pela Universidade Federal do Tocantins (UFT) e Licenciado em Letras pelo Centro Universit\u00e1rio Luterano de Palmas (CEULP\/ULBRA).&nbsp; Professor efetivo da Rede Estadual de Educa\u00e7\u00e3o, F\u00e1bio foi eleito para o primeiro mandato de vereador do munic\u00edpio de Palmeir\u00f3polis (2005\/2008), sendo reeleito ao mandato subsequente (2009\/2012). Em 2012 venceu as Elei\u00e7\u00f5es Municipais para o cargo de prefeito de Palmeir\u00f3polis, mandato 2013\/2016, sendo reeleito posteriormente para o mandato 2017\/2020.<\/p>\n\n\n\n<p><strong>Secret\u00e1rio Executivo<\/strong><\/p>\n\n\n\n<p>Eder Martins Fernandes (Edinho Fernandes) tem 39 anos, de Figueir\u00f3polis-TO, \u00e9 servidor do quadro efetivo (professor) da Secretaria de Educa\u00e7\u00e3o do Tocantins desde julho de 2011. Graduado em Educa\u00e7\u00e3o F\u00edsica pela Faculdade UnirG, tem MBA em Administra\u00e7\u00e3o P\u00fablica &amp; Ger\u00eancia de Cidades e MBA em Gest\u00e3o do Esporte. Entre outros cargos, foi secret\u00e1rio de Desenvolvimento Social de Gurupi e presidente da Ag\u00eancia Tocantinense de Saneamento (ATS). \u00c9 1\u00ba suplente de Deputado Estadual, em 2018 obteve 8.328 votos.<\/p>\n\n\n\n<figure class=\"wp-block-image\"><img src=\"https:\/\/central.to.gov.br\/image\/275671?w=670&amp;h=383\" alt=\"\"\/><\/figure>\n\n\n\n<p>Edinho Fernandes \u00e9 o novo secret\u00e1rio executivo da Seduc &#8211; Seduc\/Governo do Tocantins\n\n<\/p>\n","protected":false},"excerpt":{"rendered":"<p>O governador em exerc\u00edcio do Estado do Tocantins, Wanderlei Barbosa, conduziu nessa ter\u00e7a-feira, 28, F\u00e1bio Pereira Vaz ao cargo de secret\u00e1rio de Estado da Educa\u00e7\u00e3o, Juventude e Esportes. F\u00e1bio Vaz j\u00e1 estava respondendo pela pasta desde o dia 23 de novembro, quando havia sido nomeado secret\u00e1rio executivo, agora passa a comandar a Secretaria oficialmente. Para [&hellip;]<\/p>\n","protected":false},"author":2,"featured_media":10164,"comment_status":"open","ping_status":"open","sticky":false,"template":"","format":"standard","meta":[],"categories":[3],"tags":[13],"_links":{"self":[{"href":"https:\/\/dgospel.com.br\/portal\/index.php\/wp-json\/wp\/v2\/posts\/10163"}],"collection":[{"href":"https:\/\/dgospel.com.br\/portal\/index.php\/wp-json\/wp\/v2\/posts"}],"about":[{"href":"https:\/\/dgospel.com.br\/portal\/index.php\/wp-json\/wp\/v2\/types\/post"}],"author":[{"embeddable":true,"href":"https:\/\/dgospel.com.br\/portal\/index.php\/wp-json\/wp\/v2\/users\/2"}],"replies":[{"embeddable":true,"href":"https:\/\/dgospel.com.br\/portal\/index.php\/wp-json\/wp\/v2\/comments?post=10163"}],"version-history":[{"count":1,"href":"https:\/\/dgospel.com.br\/portal\/index.php\/wp-json\/wp\/v2\/posts\/10163\/revisions"}],"predecessor-version":[{"id":10165,"href":"https:\/\/dgospel.com.br\/portal\/index.php\/wp-json\/wp\/v2\/posts\/10163\/revisions\/10165"}],"wp:featuredmedia":[{"embeddable":true,"href":"https:\/\/dgospel.com.br\/portal\/index.php\/wp-json\/wp\/v2\/media\/10164"}],"wp:attachment":[{"href":"https:\/\/dgospel.com.br\/portal\/index.php\/wp-json\/wp\/v2\/media?parent=10163"}],"wp:term":[{"taxonomy":"category","embeddable":true,"href":"https:\/\/dgospel.com.br\/portal\/index.php\/wp-json\/wp\/v2\/categories?post=10163"},{"taxonomy":"post_tag","embeddable":true,"href":"https:\/\/dgospel.com.br\/portal\/index.php\/wp-json\/wp\/v2\/tags?post=10163"}],"curies":[{"name":"wp","href":"https:\/\/api.w.org\/{rel}","templated":true}]}}