{"id":10175,"date":"2021-12-29T12:10:28","date_gmt":"2021-12-29T15:10:28","guid":{"rendered":"http:\/\/dgospel.com.br\/portal\/?p=10175"},"modified":"2021-12-29T12:10:29","modified_gmt":"2021-12-29T15:10:29","slug":"convencao-geral-das-assembleias-de-deus-no-brasil-lanca-campanha-sos-bahia","status":"publish","type":"post","link":"https:\/\/dgospel.com.br\/portal\/index.php\/2021\/12\/29\/convencao-geral-das-assembleias-de-deus-no-brasil-lanca-campanha-sos-bahia\/","title":{"rendered":"Conven\u00e7\u00e3o Geral das Assembleias de Deus no Brasil lan\u00e7a \u201cCampanha SOS Bahia\u201d"},"content":{"rendered":"\n<p>A Conven\u00e7\u00e3o Geral dos Ministros das Igrejas Evang\u00e9licas Assembleia de Deus no Brasil (CGADB), sob a presid\u00eancia do pastor Jos\u00e9 Wellington Costa Junior, l\u00edder da Assembleia de Deus Minist\u00e9rio do Bel\u00e9m em Guarulhos (SP), lan\u00e7ou na segunda-feira, 27 de dezembro, a \u201cCampanha SOS Bahia\u201d, que conta com a colabora\u00e7\u00e3o dos pastores presidentes de Conven\u00e7\u00f5es, presidentes de igrejas, dirigentes de congrega\u00e7\u00f5es, obreiros em geral e membros das Assembleia de Deus no Brasil.&nbsp;<\/p>\n\n\n\n<p>O objetivo da campanha \u00e9 socorrer fam\u00edlias residentes nas cidades baianas atingidas pelas fortes chuvas dos \u00faltimos dias. Muitas pessoas est\u00e3o desabrigadas, sem ter o que comer ou vestir. A campanha est\u00e1 sob a coordena\u00e7\u00e3o do Conselho de A\u00e7\u00e3o Social e da Secretaria Nacional de Miss\u00f5es (SENAMI) da CGADB.<\/p>\n\n\n\n<p>A campanha tem como divisa o texto de Lucas 3.10-11:&nbsp;<em>\u201cE a multid\u00e3o o interrogava, dizendo: Que faremos, pois? E, respondendo ele, disse-lhes: Quem tiver duas t\u00fanicas, que reparta com o que n\u00e3o tem, e quem tiver alimentos, que fa\u00e7a da mesma maneira.\u201d<\/em><\/p>\n\n\n\n<p>Para voc\u00ea participar, \u00e9 muito simples: fa\u00e7a sua doa\u00e7\u00e3o via PIX com a CHAVE\/E-MAIL:&nbsp;<a href=\"http:\/\/sos.cgadb.bahia@gmail.com\/\">sos.cgadb.bahia@gmail.com<\/a><\/p>\n\n\n\n<p>Destinat\u00e1rio: SECRETARIA NACIONAL DE MISSOES CGADB&nbsp;<br>CNPJ: 14.923.863\/0001-45<br>Banco Bradesco<br>Ag\u00eancia: 7111<br>Conta Poupan\u00e7a: 100.4188-0<br>PIX:&nbsp;<a href=\"http:\/\/sos.cgadb.bahia@gmail.com\/\">sos.cgadb.bahia@gmail.com<\/a><\/p>\n\n\n\n<p><em>Com informa\u00e7\u00f5es: CGADB <\/em><\/p>\n","protected":false},"excerpt":{"rendered":"<p>A Conven\u00e7\u00e3o Geral dos Ministros das Igrejas Evang\u00e9licas Assembleia de Deus no Brasil (CGADB), sob a presid\u00eancia do pastor Jos\u00e9 Wellington Costa Junior, l\u00edder da Assembleia de Deus Minist\u00e9rio do Bel\u00e9m em Guarulhos (SP), lan\u00e7ou na segunda-feira, 27 de dezembro, a \u201cCampanha SOS Bahia\u201d, que conta com a colabora\u00e7\u00e3o dos pastores presidentes de Conven\u00e7\u00f5es, presidentes [&hellip;]<\/p>\n","protected":false},"author":2,"featured_media":10176,"comment_status":"open","ping_status":"open","sticky":false,"template":"","format":"standard","meta":[],"categories":[5],"tags":[14],"_links":{"self":[{"href":"https:\/\/dgospel.com.br\/portal\/index.php\/wp-json\/wp\/v2\/posts\/10175"}],"collection":[{"href":"https:\/\/dgospel.com.br\/portal\/index.php\/wp-json\/wp\/v2\/posts"}],"about":[{"href":"https:\/\/dgospel.com.br\/portal\/index.php\/wp-json\/wp\/v2\/types\/post"}],"author":[{"embeddable":true,"href":"https:\/\/dgospel.com.br\/portal\/index.php\/wp-json\/wp\/v2\/users\/2"}],"replies":[{"embeddable":true,"href":"https:\/\/dgospel.com.br\/portal\/index.php\/wp-json\/wp\/v2\/comments?post=10175"}],"version-history":[{"count":1,"href":"https:\/\/dgospel.com.br\/portal\/index.php\/wp-json\/wp\/v2\/posts\/10175\/revisions"}],"predecessor-version":[{"id":10177,"href":"https:\/\/dgospel.com.br\/portal\/index.php\/wp-json\/wp\/v2\/posts\/10175\/revisions\/10177"}],"wp:featuredmedia":[{"embeddable":true,"href":"https:\/\/dgospel.com.br\/portal\/index.php\/wp-json\/wp\/v2\/media\/10176"}],"wp:attachment":[{"href":"https:\/\/dgospel.com.br\/portal\/index.php\/wp-json\/wp\/v2\/media?parent=10175"}],"wp:term":[{"taxonomy":"category","embeddable":true,"href":"https:\/\/dgospel.com.br\/portal\/index.php\/wp-json\/wp\/v2\/categories?post=10175"},{"taxonomy":"post_tag","embeddable":true,"href":"https:\/\/dgospel.com.br\/portal\/index.php\/wp-json\/wp\/v2\/tags?post=10175"}],"curies":[{"name":"wp","href":"https:\/\/api.w.org\/{rel}","templated":true}]}}