{"id":1019,"date":"2018-08-16T09:49:26","date_gmt":"2018-08-16T12:49:26","guid":{"rendered":"http:\/\/dgospel.com.br\/portal\/?p=1019"},"modified":"2018-08-16T09:49:26","modified_gmt":"2018-08-16T12:49:26","slug":"eduardo-gomes-assume-candidatura-ao-senado-e-siqueira-campos-vira-1o-suplente","status":"publish","type":"post","link":"https:\/\/dgospel.com.br\/portal\/index.php\/2018\/08\/16\/eduardo-gomes-assume-candidatura-ao-senado-e-siqueira-campos-vira-1o-suplente\/","title":{"rendered":"Eduardo Gomes assume candidatura ao Senado e Siqueira Campos vira 1\u00ba suplente"},"content":{"rendered":"<p class=\"p1\"><span class=\"s1\">O ex-governador Siqueira Campos (DEM) continuar\u00e1 candidato nas elei\u00e7\u00f5es de outubro, mas vai inverter a posi\u00e7\u00e3o. Ele ser\u00e1 primeiro suplente do ex-deputado federal Eduardo Gomes (SD), que assumir\u00e1 a vaga de senador do democrata.<\/span><\/p>\n<p class=\"p1\"><span class=\"s1\">O arranjo foi definido logo ap\u00f3s o ex-governador anunciar que tinha desistido de disputar o Senado por falta de condi\u00e7\u00f5es f\u00edsicas.<\/span><\/p>\n<p class=\"p3\"><span class=\"s1\">Conforme o blog apurou, Siqueira est\u00e1 internado no Hospital Santa Tereza, em Palmas, desde essa ter\u00e7a-feira, 14.<\/span><\/p>\n<p class=\"p3\"><span class=\"s1\">\u201cA rigor, minha carreira est\u00e1 encerrada\u201d, teria dito o ex-governador ao\u00a0<i>Jornal do Tocantins<\/i>, na noite dessa quarta-feira, 14, \u00faltimo dia para registro de candidatura. Conforme o jornal, Siqueira explicou que n\u00e3o est\u00e1 deixando a candidatura pela idade, mas por problemas de sa\u00fade que vem enfrentando. \u201cCada dia \u00e9 um problema. N\u00e3o tenho condi\u00e7\u00f5es de ir para o interior como os companheiros esperam\u201d, afirmou o ex-governador ao\u00a0<em>JTo<\/em>.<\/span><\/p>\n<p class=\"p3\"><span class=\"s1\">Siqueira Campos fez 90 anos no dia 1\u00ba e na conven\u00e7\u00e3o do governador Mauro Carlesse (PHS), no dia 5, seu semblante nas fotos divulgadas chamou a aten\u00e7\u00e3o e as imagens rodaram as redes sociais. Ele chegou praticamente carregado por assessores e ficou quase todo o tempo sentado no evento ocorrido na Assembleia Legislativa.<\/span><\/p>\n<p class=\"p3\"><span class=\"s1\">Depois de deixar sua \u00faltima gest\u00e3o no comando do Tocantins, em 2014, Siqueira passou por algumas interna\u00e7\u00f5es. Em junho de 2016 ele chegou a ficar na UTI com quadro de desidrata\u00e7\u00e3o. Em janeiro de 2017, voltou se internar com pneumonia.<\/span><\/p>\n<p>Carlesse ficou sabendo da desist\u00eancia de Siqueira, segundo aliados, apenas nesta noite em Fortaleza do Taboc\u00e3o.<\/p>\n<p>Fonte:\u00a0clebertoledo<\/p>\n","protected":false},"excerpt":{"rendered":"<p>O ex-governador Siqueira Campos (DEM) continuar\u00e1 candidato nas elei\u00e7\u00f5es de outubro, mas vai inverter a posi\u00e7\u00e3o. Ele ser\u00e1 primeiro suplente do ex-deputado federal Eduardo Gomes (SD), que assumir\u00e1 a vaga de senador do democrata. O arranjo foi definido logo ap\u00f3s o ex-governador anunciar que tinha desistido de disputar o Senado por falta de condi\u00e7\u00f5es f\u00edsicas. [&hellip;]<\/p>\n","protected":false},"author":2,"featured_media":1020,"comment_status":"open","ping_status":"open","sticky":false,"template":"","format":"standard","meta":[],"categories":[2,4],"tags":[],"_links":{"self":[{"href":"https:\/\/dgospel.com.br\/portal\/index.php\/wp-json\/wp\/v2\/posts\/1019"}],"collection":[{"href":"https:\/\/dgospel.com.br\/portal\/index.php\/wp-json\/wp\/v2\/posts"}],"about":[{"href":"https:\/\/dgospel.com.br\/portal\/index.php\/wp-json\/wp\/v2\/types\/post"}],"author":[{"embeddable":true,"href":"https:\/\/dgospel.com.br\/portal\/index.php\/wp-json\/wp\/v2\/users\/2"}],"replies":[{"embeddable":true,"href":"https:\/\/dgospel.com.br\/portal\/index.php\/wp-json\/wp\/v2\/comments?post=1019"}],"version-history":[{"count":1,"href":"https:\/\/dgospel.com.br\/portal\/index.php\/wp-json\/wp\/v2\/posts\/1019\/revisions"}],"predecessor-version":[{"id":1021,"href":"https:\/\/dgospel.com.br\/portal\/index.php\/wp-json\/wp\/v2\/posts\/1019\/revisions\/1021"}],"wp:featuredmedia":[{"embeddable":true,"href":"https:\/\/dgospel.com.br\/portal\/index.php\/wp-json\/wp\/v2\/media\/1020"}],"wp:attachment":[{"href":"https:\/\/dgospel.com.br\/portal\/index.php\/wp-json\/wp\/v2\/media?parent=1019"}],"wp:term":[{"taxonomy":"category","embeddable":true,"href":"https:\/\/dgospel.com.br\/portal\/index.php\/wp-json\/wp\/v2\/categories?post=1019"},{"taxonomy":"post_tag","embeddable":true,"href":"https:\/\/dgospel.com.br\/portal\/index.php\/wp-json\/wp\/v2\/tags?post=1019"}],"curies":[{"name":"wp","href":"https:\/\/api.w.org\/{rel}","templated":true}]}}