{"id":10194,"date":"2022-01-05T09:10:26","date_gmt":"2022-01-05T12:10:26","guid":{"rendered":"http:\/\/dgospel.com.br\/portal\/?p=10194"},"modified":"2022-01-05T09:10:27","modified_gmt":"2022-01-05T12:10:27","slug":"presidente-bolsonaro-recebe-alta-apos-ficar-dois-dias-internado","status":"publish","type":"post","link":"https:\/\/dgospel.com.br\/portal\/index.php\/2022\/01\/05\/presidente-bolsonaro-recebe-alta-apos-ficar-dois-dias-internado\/","title":{"rendered":"Presidente Bolsonaro recebe alta ap\u00f3s ficar dois dias internado"},"content":{"rendered":"\n<p>O presidente Jair Bolsonaro (PL) divulgou nas redes sociais uma imagem informando que recebeu alta hospitalar na manh\u00e3 desta quarta-feira (5), ap\u00f3s dois dias internado na capital paulista.<\/p>\n\n\n\n<p>O presidente deu entrada no Hospital Nova Star, na Zona Sul de S\u00e3o Paulo, na madrugada de segunda-feira (3), por conta de uma obstru\u00e7\u00e3o no intestino.<\/p>\n\n\n\n<p>Nesta ter\u00e7a (5), foi descartada a necessidade de Bolsonaro passar por uma nova cirurgia. A obstru\u00e7\u00e3o no intestino se desfez, e ele pode iniciar uma dieta l\u00edquida.<\/p>\n\n\n\n<p>**Em atualiza\u00e7\u00e3o<\/p>\n","protected":false},"excerpt":{"rendered":"<p>O presidente Jair Bolsonaro (PL) divulgou nas redes sociais uma imagem informando que recebeu alta hospitalar na manh\u00e3 desta quarta-feira (5), ap\u00f3s dois dias internado na capital paulista. O presidente deu entrada no Hospital Nova Star, na Zona Sul de S\u00e3o Paulo, na madrugada de segunda-feira (3), por conta de uma obstru\u00e7\u00e3o no intestino. Nesta [&hellip;]<\/p>\n","protected":false},"author":2,"featured_media":10195,"comment_status":"open","ping_status":"open","sticky":false,"template":"","format":"standard","meta":[],"categories":[4],"tags":[13],"_links":{"self":[{"href":"https:\/\/dgospel.com.br\/portal\/index.php\/wp-json\/wp\/v2\/posts\/10194"}],"collection":[{"href":"https:\/\/dgospel.com.br\/portal\/index.php\/wp-json\/wp\/v2\/posts"}],"about":[{"href":"https:\/\/dgospel.com.br\/portal\/index.php\/wp-json\/wp\/v2\/types\/post"}],"author":[{"embeddable":true,"href":"https:\/\/dgospel.com.br\/portal\/index.php\/wp-json\/wp\/v2\/users\/2"}],"replies":[{"embeddable":true,"href":"https:\/\/dgospel.com.br\/portal\/index.php\/wp-json\/wp\/v2\/comments?post=10194"}],"version-history":[{"count":1,"href":"https:\/\/dgospel.com.br\/portal\/index.php\/wp-json\/wp\/v2\/posts\/10194\/revisions"}],"predecessor-version":[{"id":10196,"href":"https:\/\/dgospel.com.br\/portal\/index.php\/wp-json\/wp\/v2\/posts\/10194\/revisions\/10196"}],"wp:featuredmedia":[{"embeddable":true,"href":"https:\/\/dgospel.com.br\/portal\/index.php\/wp-json\/wp\/v2\/media\/10195"}],"wp:attachment":[{"href":"https:\/\/dgospel.com.br\/portal\/index.php\/wp-json\/wp\/v2\/media?parent=10194"}],"wp:term":[{"taxonomy":"category","embeddable":true,"href":"https:\/\/dgospel.com.br\/portal\/index.php\/wp-json\/wp\/v2\/categories?post=10194"},{"taxonomy":"post_tag","embeddable":true,"href":"https:\/\/dgospel.com.br\/portal\/index.php\/wp-json\/wp\/v2\/tags?post=10194"}],"curies":[{"name":"wp","href":"https:\/\/api.w.org\/{rel}","templated":true}]}}