{"id":10197,"date":"2022-01-05T09:24:48","date_gmt":"2022-01-05T12:24:48","guid":{"rendered":"http:\/\/dgospel.com.br\/portal\/?p=10197"},"modified":"2022-01-05T09:24:49","modified_gmt":"2022-01-05T12:24:49","slug":"delegado-da-pf-que-ja-investigou-o-pcc-vai-apurar-facada-contra-o-presidente-jair-bolsonaro","status":"publish","type":"post","link":"https:\/\/dgospel.com.br\/portal\/index.php\/2022\/01\/05\/delegado-da-pf-que-ja-investigou-o-pcc-vai-apurar-facada-contra-o-presidente-jair-bolsonaro\/","title":{"rendered":"Delegado da PF que j\u00e1 investigou o PCC vai apurar facada contra o presidente Jair Bolsonaro"},"content":{"rendered":"\n<p>A&nbsp;<a href=\"http:\/\/pleno.news\/tag\/policia-federal\" target=\"_blank\" rel=\"noreferrer noopener\">Pol\u00edcia Federal<\/a>&nbsp;(PF) definiu que o delegado Martin Bottaro Purper, que j\u00e1 investigou a fac\u00e7\u00e3o Primeiro Comando da Capital (PCC), ser\u00e1 o respons\u00e1vel por dar continuidade ao inqu\u00e9rito que apura as circunst\u00e2ncias da facada contra o presidente&nbsp;<a href=\"http:\/\/pleno.news\/tag\/jair-bolsonaro\" target=\"_blank\" rel=\"noreferrer noopener\">Jair Bolsonaro<\/a>, em 2018, praticada por Ad\u00e9lio Bispo de Oliveira. A informa\u00e7\u00e3o foi divulgada pelo jornal Folha de S\u00e3o Paulo.<\/p>\n\n\n\n<p>De acordo com a publica\u00e7\u00e3o, Purper, que est\u00e1 na corpora\u00e7\u00e3o h\u00e1 17 anos, ficar\u00e1 encarregado de buscar informa\u00e7\u00f5es que possam esclarecer se Ad\u00e9lio teve a ajuda de terceiros ou agiu a mando de algu\u00e9m quando atentou contra Bolsonaro. Desde a \u00e9poca em que o crime foi praticado, o presidente questiona o trabalho de investiga\u00e7\u00e3o sobre o caso.<\/p>\n\n\n\n<p>O assunto voltou a ganhar repercuss\u00e3o ap\u00f3s o presidente ser internado na \u00faltima segunda-feira (3), no Hospital Vila Nova Star, em S\u00e3o Paulo, por conta de uma obstru\u00e7\u00e3o intestinal que ainda \u00e9 resultado da facada sofrida por ele h\u00e1 tr\u00eas anos.<\/p>\n\n\n\n<p>Em novembro passado, o Tribunal Regional Federal da 1\u00aa Regi\u00e3o (TRF-1), determinou a reabertura do caso. Na ocasi\u00e3o, o tribunal autorizou que a PF investigue os dados banc\u00e1rios e o conte\u00fado do celular apreendido em poder do advogado Zanone Manuel de Oliveira J\u00fanior, um dos defensores de Ad\u00e9lio, cobran\u00e7a feita h\u00e1 bastante tempo pelos apoiadores do presidente.<\/p>\n\n\n\n<p>Caso a decis\u00e3o do TRF-1 continue v\u00e1lida, Bottaro Purper dar\u00e1 continuidade ao trabalho que estava a cargo de Rodrigo Morais Fernandes, que foi designado pelo diretor-geral da PF, Paulo Maiurino, para trabalhar por dois anos em for\u00e7a-tarefa em Nova Iorque, nos Estados Unidos.<\/p>\n\n\n\n<p>Purper j\u00e1 trabalhou em investiga\u00e7\u00f5es de crimes praticados pela fac\u00e7\u00e3o PCC, entre elas a Opera\u00e7\u00e3o Cravada, deflagrada em 2019 para desarticular o n\u00facleo financeiro da fac\u00e7\u00e3o criminosa, e na Opera\u00e7\u00e3o Register, que teve como foco pessoas apontadas como as respons\u00e1veis por um cadastro de integrantes do PCC.<\/p>\n","protected":false},"excerpt":{"rendered":"<p>A&nbsp;Pol\u00edcia Federal&nbsp;(PF) definiu que o delegado Martin Bottaro Purper, que j\u00e1 investigou a fac\u00e7\u00e3o Primeiro Comando da Capital (PCC), ser\u00e1 o respons\u00e1vel por dar continuidade ao inqu\u00e9rito que apura as circunst\u00e2ncias da facada contra o presidente&nbsp;Jair Bolsonaro, em 2018, praticada por Ad\u00e9lio Bispo de Oliveira. A informa\u00e7\u00e3o foi divulgada pelo jornal Folha de S\u00e3o Paulo. [&hellip;]<\/p>\n","protected":false},"author":2,"featured_media":10198,"comment_status":"open","ping_status":"open","sticky":false,"template":"","format":"standard","meta":[],"categories":[4],"tags":[14],"_links":{"self":[{"href":"https:\/\/dgospel.com.br\/portal\/index.php\/wp-json\/wp\/v2\/posts\/10197"}],"collection":[{"href":"https:\/\/dgospel.com.br\/portal\/index.php\/wp-json\/wp\/v2\/posts"}],"about":[{"href":"https:\/\/dgospel.com.br\/portal\/index.php\/wp-json\/wp\/v2\/types\/post"}],"author":[{"embeddable":true,"href":"https:\/\/dgospel.com.br\/portal\/index.php\/wp-json\/wp\/v2\/users\/2"}],"replies":[{"embeddable":true,"href":"https:\/\/dgospel.com.br\/portal\/index.php\/wp-json\/wp\/v2\/comments?post=10197"}],"version-history":[{"count":1,"href":"https:\/\/dgospel.com.br\/portal\/index.php\/wp-json\/wp\/v2\/posts\/10197\/revisions"}],"predecessor-version":[{"id":10199,"href":"https:\/\/dgospel.com.br\/portal\/index.php\/wp-json\/wp\/v2\/posts\/10197\/revisions\/10199"}],"wp:featuredmedia":[{"embeddable":true,"href":"https:\/\/dgospel.com.br\/portal\/index.php\/wp-json\/wp\/v2\/media\/10198"}],"wp:attachment":[{"href":"https:\/\/dgospel.com.br\/portal\/index.php\/wp-json\/wp\/v2\/media?parent=10197"}],"wp:term":[{"taxonomy":"category","embeddable":true,"href":"https:\/\/dgospel.com.br\/portal\/index.php\/wp-json\/wp\/v2\/categories?post=10197"},{"taxonomy":"post_tag","embeddable":true,"href":"https:\/\/dgospel.com.br\/portal\/index.php\/wp-json\/wp\/v2\/tags?post=10197"}],"curies":[{"name":"wp","href":"https:\/\/api.w.org\/{rel}","templated":true}]}}