{"id":10203,"date":"2022-01-05T12:15:44","date_gmt":"2022-01-05T15:15:44","guid":{"rendered":"http:\/\/dgospel.com.br\/portal\/?p=10203"},"modified":"2022-01-05T12:15:45","modified_gmt":"2022-01-05T15:15:45","slug":"saude-alerta-para-alto-indice-de-infestacao-predial-por-aedes-aegypti-no-tocantins","status":"publish","type":"post","link":"https:\/\/dgospel.com.br\/portal\/index.php\/2022\/01\/05\/saude-alerta-para-alto-indice-de-infestacao-predial-por-aedes-aegypti-no-tocantins\/","title":{"rendered":"Sa\u00fade alerta para alto \u00edndice de infesta\u00e7\u00e3o predial por Aedes aegypti no Tocantins"},"content":{"rendered":"\n<p>A eleva\u00e7\u00e3o nos casos de dengue nos \u00faltimos meses tem causado preocupa\u00e7\u00e3o. A Secretaria de Estado da Sa\u00fade do Tocantins (SES-TO), por meio da Diretoria de Vigil\u00e2ncia das Doen\u00e7as Vetoriais e Zoonoses (DVDVZ) e da Ger\u00eancia de Vigil\u00e2ncia das Arboviroses (GVA), alerta sobre o alto \u00edndice de infesta\u00e7\u00e3o predial por Aedes aegypti no Tocantins, conforme \u00faltimo Levantamento de \u00cdndices do Aedes aegypti (LIRAa\/LIA), feito at\u00e9 21 de dezembro de 2021. O que torna uma grande parte da popula\u00e7\u00e3o vulner\u00e1vel a infec\u00e7\u00e3o de doen\u00e7as transmitidas pelo mosquito.<\/p>\n\n\n\n<p>No Tocantins, dos 108 munic\u00edpios que encaminharam o 4\u00ba levantamento entomol\u00f3gico obrigat\u00f3rio do LIRAa\/LIA, 52 est\u00e3o em situa\u00e7\u00e3o de alerta e 19 em situa\u00e7\u00e3o de risco. Assim, correspondem \u00e0 porcentagem de 65,74%, os munic\u00edpios tocantinenses que est\u00e3o em uma conjuntura vulner\u00e1vel \u00e0s epidemias de chikungunya, dengue e zika.<\/p>\n\n\n\n<p>A gerente Estadual de Vigil\u00e2ncia das Arboviroses da SES-TO, Christiane Bueno Hundertmarck, explica que diante da situa\u00e7\u00e3o alarmante, foram encaminhadas orienta\u00e7\u00f5es aos munic\u00edpios, \u201cn\u00f3s solicitamos as secretarias municipais de sa\u00fade de intensifiquem as a\u00e7\u00f5es de controle vetorial, vigil\u00e2ncia ao paciente e atualiza\u00e7\u00e3o dos dados. \u00c9 necess\u00e1rio aten\u00e7\u00e3o e combate r\u00e1pido contra o mosquito, vetor de tantas enfermidades\u201d, alerta a t\u00e9cnica.<\/p>\n","protected":false},"excerpt":{"rendered":"<p>A eleva\u00e7\u00e3o nos casos de dengue nos \u00faltimos meses tem causado preocupa\u00e7\u00e3o. A Secretaria de Estado da Sa\u00fade do Tocantins (SES-TO), por meio da Diretoria de Vigil\u00e2ncia das Doen\u00e7as Vetoriais e Zoonoses (DVDVZ) e da Ger\u00eancia de Vigil\u00e2ncia das Arboviroses (GVA), alerta sobre o alto \u00edndice de infesta\u00e7\u00e3o predial por Aedes aegypti no Tocantins, conforme [&hellip;]<\/p>\n","protected":false},"author":2,"featured_media":10204,"comment_status":"open","ping_status":"open","sticky":false,"template":"","format":"standard","meta":[],"categories":[3],"tags":[13],"_links":{"self":[{"href":"https:\/\/dgospel.com.br\/portal\/index.php\/wp-json\/wp\/v2\/posts\/10203"}],"collection":[{"href":"https:\/\/dgospel.com.br\/portal\/index.php\/wp-json\/wp\/v2\/posts"}],"about":[{"href":"https:\/\/dgospel.com.br\/portal\/index.php\/wp-json\/wp\/v2\/types\/post"}],"author":[{"embeddable":true,"href":"https:\/\/dgospel.com.br\/portal\/index.php\/wp-json\/wp\/v2\/users\/2"}],"replies":[{"embeddable":true,"href":"https:\/\/dgospel.com.br\/portal\/index.php\/wp-json\/wp\/v2\/comments?post=10203"}],"version-history":[{"count":1,"href":"https:\/\/dgospel.com.br\/portal\/index.php\/wp-json\/wp\/v2\/posts\/10203\/revisions"}],"predecessor-version":[{"id":10205,"href":"https:\/\/dgospel.com.br\/portal\/index.php\/wp-json\/wp\/v2\/posts\/10203\/revisions\/10205"}],"wp:featuredmedia":[{"embeddable":true,"href":"https:\/\/dgospel.com.br\/portal\/index.php\/wp-json\/wp\/v2\/media\/10204"}],"wp:attachment":[{"href":"https:\/\/dgospel.com.br\/portal\/index.php\/wp-json\/wp\/v2\/media?parent=10203"}],"wp:term":[{"taxonomy":"category","embeddable":true,"href":"https:\/\/dgospel.com.br\/portal\/index.php\/wp-json\/wp\/v2\/categories?post=10203"},{"taxonomy":"post_tag","embeddable":true,"href":"https:\/\/dgospel.com.br\/portal\/index.php\/wp-json\/wp\/v2\/tags?post=10203"}],"curies":[{"name":"wp","href":"https:\/\/api.w.org\/{rel}","templated":true}]}}