{"id":10209,"date":"2022-01-05T12:19:36","date_gmt":"2022-01-05T15:19:36","guid":{"rendered":"http:\/\/dgospel.com.br\/portal\/?p=10209"},"modified":"2022-01-05T12:19:37","modified_gmt":"2022-01-05T15:19:37","slug":"governo-do-tocantins-encaminha-colchoes-e-medicamentos-a-desabrigados-pelas-enchentes-em-sao-miguel-do-tocantins","status":"publish","type":"post","link":"https:\/\/dgospel.com.br\/portal\/index.php\/2022\/01\/05\/governo-do-tocantins-encaminha-colchoes-e-medicamentos-a-desabrigados-pelas-enchentes-em-sao-miguel-do-tocantins\/","title":{"rendered":"Governo do Tocantins encaminha colch\u00f5es e medicamentos a desabrigados pelas enchentes em S\u00e3o Miguel do Tocantins"},"content":{"rendered":"\n<p>Por determina\u00e7\u00e3o do governador em exerc\u00edcio do Estado do Tocantins, Wanderlei Barbosa, a Secretaria de Estado da Sa\u00fade (SES), encaminhou, no in\u00edcio da noite desta ter\u00e7a-feira, 4, colch\u00f5es e medicamentos aos desabrigados do munic\u00edpio de S\u00e3o Miguel do Tocantins, na regi\u00e3o do Bico do Papagaio.&nbsp;<\/p>\n\n\n\n<p>A medida foi anunciada durante reuni\u00e3o realizada nesta ter\u00e7a-feira, no Pal\u00e1cio Araguaia, com os representantes dos \u00f3rg\u00e3os que comp\u00f5em a For\u00e7a-tarefa institu\u00edda pelo Decreto n\u00b0 6.382, no \u00faltimo dia 29 de dezembro. A reuni\u00e3o foi presidida pelo comandante geral do Corpo de Bombeiros Militar, Coronel Carlos Eduardo Farias, que tamb\u00e9m \u00e9 coordenador Estadual de Defesa Civil e da For\u00e7a-tarefa, que tem como objetivo de levar suporte, apoiar e socorrer v\u00edtimas das inunda\u00e7\u00f5es que est\u00e3o ocorrendo em v\u00e1rios munic\u00edpios do Estado. Ao todo, 35 cidades est\u00e3o sendo monitoradas pela Defesa Civil do Estado do Tocantins.<\/p>\n\n\n\n<p>A fim de amenizar o sofrimento dos afetados pelas enchentes neste per\u00edodo chuvoso, o Governador tamb\u00e9m anunciou o envio de cestas b\u00e1sicas e \u00e1gua pot\u00e1vel aos desabrigados, que chegam a 340 em todo o Estado.<\/p>\n\n\n\n<p>Para o governador Wanderlei Barbosa, o sofrimento que viu de perto ao conversar com as pessoas desabrigadas \u00e9 algo que ningu\u00e9m deveria jamais sentir. \u201cN\u00e3o quero ver nenhum tocantinense passando por dificuldades neste momento. O que o Governo Tocantins puder fazer, n\u00f3s vamos fazer. Este sofrimento \u00e9 desumano. Vamos fazer o poss\u00edvel para ajudar todos os afetados por estas enchentes. Tomaremos todas as medidas necess\u00e1rias\u201d, afirmou o Governador.<\/p>\n\n\n\n<p>Conforme ressaltou o secret\u00e1rio de Sa\u00fade, Afonso Piva, a preocupa\u00e7\u00e3o do governador Wanderlei Barbosa \u00e9 atender a estas fam\u00edlias afetadas o mais r\u00e1pido poss\u00edvel. \u201cA van com os insumos e medicamentos j\u00e1 est\u00e1 a caminho de S\u00e3o Miguel e vamos come\u00e7ar a atender as fam\u00edlias necessitadas de ajuda neste momento dif\u00edcil que muitas est\u00e3o passando\u201d, sustentou o gestor.&nbsp;<\/p>\n\n\n\n<p><strong>For\u00e7a-tarefa<\/strong><\/p>\n\n\n\n<p>A For\u00e7a-tarefa \u00e9 coordenada pelo Corpo de Bombeiros e tem como integrantes, as Secretarias de Estado do Trabalho e Desenvolvimento Social (Setas), da Infraestrutura, Cidades e Habita\u00e7\u00e3o (Seinf), da Governadoria (Segov), da Sa\u00fade (SES), do Planejamento e Or\u00e7amento (Seplan), da Procuradoria-Geral do Estado (PGE), da Ag\u00eancia de Fomento do Estado do Tocantins (Fomento) e Instituto de Desenvolvimento Rural do Estado do Tocantins (Ruraltins).<\/p>\n\n\n\n<figure class=\"wp-block-image\"><img src=\"https:\/\/central.to.gov.br\/image\/276198?w=670&amp;h=383\" alt=\"\"\/><\/figure>\n\n\n\n<p>O objetivo da For\u00e7a-tarefa \u00e9 levar suporte, apoiar e socorrer v\u00edtimas das inunda\u00e7\u00f5es que est\u00e3o ocorrendo em v\u00e1rios munic\u00edpios do Estado, principalmente com o envio de medicamentos &#8211; SES\/Governo do Tocantins\u00a0<\/p>\n\n\n\n<figure class=\"wp-block-image\"><img src=\"https:\/\/central.to.gov.br\/image\/276199?w=670&amp;h=383\" alt=\"\"\/><\/figure>\n\n\n\n<p>Colch\u00f5es e medicamentos j\u00e1 est\u00e3o a caminho de S\u00e3o Miguel do Tocantins, no Bico do Papagaio &#8211; SES\/Governo do Tocantins&nbsp;\n\n<\/p>\n","protected":false},"excerpt":{"rendered":"<p>Por determina\u00e7\u00e3o do governador em exerc\u00edcio do Estado do Tocantins, Wanderlei Barbosa, a Secretaria de Estado da Sa\u00fade (SES), encaminhou, no in\u00edcio da noite desta ter\u00e7a-feira, 4, colch\u00f5es e medicamentos aos desabrigados do munic\u00edpio de S\u00e3o Miguel do Tocantins, na regi\u00e3o do Bico do Papagaio.&nbsp; A medida foi anunciada durante reuni\u00e3o realizada nesta ter\u00e7a-feira, no [&hellip;]<\/p>\n","protected":false},"author":2,"featured_media":10210,"comment_status":"open","ping_status":"open","sticky":false,"template":"","format":"standard","meta":[],"categories":[3],"tags":[],"_links":{"self":[{"href":"https:\/\/dgospel.com.br\/portal\/index.php\/wp-json\/wp\/v2\/posts\/10209"}],"collection":[{"href":"https:\/\/dgospel.com.br\/portal\/index.php\/wp-json\/wp\/v2\/posts"}],"about":[{"href":"https:\/\/dgospel.com.br\/portal\/index.php\/wp-json\/wp\/v2\/types\/post"}],"author":[{"embeddable":true,"href":"https:\/\/dgospel.com.br\/portal\/index.php\/wp-json\/wp\/v2\/users\/2"}],"replies":[{"embeddable":true,"href":"https:\/\/dgospel.com.br\/portal\/index.php\/wp-json\/wp\/v2\/comments?post=10209"}],"version-history":[{"count":1,"href":"https:\/\/dgospel.com.br\/portal\/index.php\/wp-json\/wp\/v2\/posts\/10209\/revisions"}],"predecessor-version":[{"id":10211,"href":"https:\/\/dgospel.com.br\/portal\/index.php\/wp-json\/wp\/v2\/posts\/10209\/revisions\/10211"}],"wp:featuredmedia":[{"embeddable":true,"href":"https:\/\/dgospel.com.br\/portal\/index.php\/wp-json\/wp\/v2\/media\/10210"}],"wp:attachment":[{"href":"https:\/\/dgospel.com.br\/portal\/index.php\/wp-json\/wp\/v2\/media?parent=10209"}],"wp:term":[{"taxonomy":"category","embeddable":true,"href":"https:\/\/dgospel.com.br\/portal\/index.php\/wp-json\/wp\/v2\/categories?post=10209"},{"taxonomy":"post_tag","embeddable":true,"href":"https:\/\/dgospel.com.br\/portal\/index.php\/wp-json\/wp\/v2\/tags?post=10209"}],"curies":[{"name":"wp","href":"https:\/\/api.w.org\/{rel}","templated":true}]}}