{"id":10212,"date":"2022-01-06T09:55:20","date_gmt":"2022-01-06T12:55:20","guid":{"rendered":"http:\/\/dgospel.com.br\/portal\/?p=10212"},"modified":"2022-01-06T09:55:21","modified_gmt":"2022-01-06T12:55:21","slug":"dobson-santos-marido-da-cantora-amanda-wanessa-fala-do-estado-de-saude-da-esposa","status":"publish","type":"post","link":"https:\/\/dgospel.com.br\/portal\/index.php\/2022\/01\/06\/dobson-santos-marido-da-cantora-amanda-wanessa-fala-do-estado-de-saude-da-esposa\/","title":{"rendered":"Dobson Santos marido da cantora Amanda Wanessa fala do estado de sa\u00fade da esposa"},"content":{"rendered":"\n<p>O dia 4 de janeiro de 2021 \u00e9 uma data marcante para a fam\u00edlia da cantora Amanda Wanessa. Foi neste dia que a artista, de 34 anos, sofreu um grave acidente de carro, em Barreiros, Pernambuco. Ela estava acompanhada do pai Odilon, da filha Mel e de uma amiga, a cantora Juciara Pimentel.<\/p>\n\n\n\n<p>Mel, de 7 anos, quebrou o bra\u00e7o esquerdo e a perna direita, mas se recuperou rapidamente. Amanda Wanessa segue internada em processo de reabilita\u00e7\u00e3o, e seu esposo, Dobson Santos, v\u00ea tudo o que aconteceu como um milagre.<\/p>\n\n\n\n<p>Em entrevista ao<strong>&nbsp;Pleno.News<\/strong>, Dobson relembra o dia do acidente, fala do estado de sa\u00fade da esposa e agradece aos admiradores do trabalho de Amanda.<\/p>\n\n\n\n<figure class=\"wp-block-image\"><img src=\"https:\/\/static.cdn.pleno.news\/2022\/01\/245495932_1489784718081195_7978203567354459990_n.webp_-1024x1024.jpg\" alt=\"\" class=\"wp-image-870799\"\/><figcaption>Amanda Wanessa e o esposo Dobson Santos&nbsp;Foto: Arquivo pessoal<\/figcaption><\/figure>\n\n\n\n<p><strong>Qual o seu sentimento um ano ap\u00f3s o acidente?<\/strong><br>Ap\u00f3s um ano de muitas lutas, posso expressar minha gratid\u00e3o a Deus por nos sustentar durante essa batalha. Agrade\u00e7o a toda fam\u00edlia, [aos] amigos e irm\u00e3os como tamb\u00e9m a todos os profissionais que acompanham essa rotina di\u00e1ria de recupera\u00e7\u00e3o da Amanda.<\/p>\n\n\n\n<p><strong>Voc\u00ea n\u00e3o estava junto no acidente. Como voc\u00ea ficou sabendo?<\/strong><br>Exatamente um ano atr\u00e1s, eu estava na empresa come\u00e7ando a idealizar toda a programa\u00e7\u00e3o da log\u00edstica de agendas e grava\u00e7\u00f5es da Amanda. Fui surpreendido com uma liga\u00e7\u00e3o de um amigo me comunicando sobre o acidente. Minha rea\u00e7\u00e3o de imediato foi pegar o carro e correr at\u00e9 o local do acidente, foi um dia de muita afli\u00e7\u00e3o e uma noite angustiante.<\/p>\n\n\n\n<figure class=\"wp-block-image\"><img src=\"https:\/\/static.cdn.pleno.news\/2021\/01\/WhatsApp-Image-2021-01-04-at-16.12.37-768x1024.jpeg\" alt=\"Cantora Amanda Wanessa sofre grave acidente de carro\"\/><figcaption>Cantora Amanda Wanessa sofre grave acidente de carro&nbsp;\/ Foto: Reprodu\u00e7\u00e3o<\/figcaption><\/figure>\n\n\n\n<figure class=\"wp-block-image\"><img src=\"https:\/\/static.cdn.pleno.news\/2021\/01\/WhatsApp-Image-2021-01-04-at-16.12.36-3-768x1024.jpeg\" alt=\"Cantora Amanda Wanessa sofre grave acidente de carro\"\/><figcaption>Cantora Amanda Wanessa sofre grave acidente de carro&nbsp;\/ Foto: Reprodu\u00e7\u00e3o<\/figcaption><\/figure>\n\n\n\n<figure class=\"wp-block-image\"><img src=\"https:\/\/static.cdn.pleno.news\/2021\/01\/WhatsApp-Image-2021-01-04-at-17.29.36-768x1024.jpeg\" alt=\"Cantora Amanda Wanessa sofre grave acidente de carro\"\/><figcaption>Cantora Amanda Wanessa sofre grave acidente de carro&nbsp;\/ Foto: Reprodu\u00e7\u00e3o<\/figcaption><\/figure>\n\n\n\n<figure class=\"wp-block-image\"><img src=\"https:\/\/static.cdn.pleno.news\/2021\/01\/WhatsApp-Image-2021-01-04-at-16.16.55-2-768x1024.jpeg\" alt=\"Cantora Amanda Wanessa sofre grave acidente de carro\"\/><figcaption>Cantora Amanda Wanessa sofre grave acidente de carro&nbsp;\/ Foto: Reprodu\u00e7\u00e3o<\/figcaption><\/figure>\n\n\n\n<figure class=\"wp-block-image\"><img src=\"https:\/\/static.cdn.pleno.news\/2021\/01\/WhatsApp-Image-2021-01-04-at-16.16.55-1-768x1024.jpeg\" alt=\"Cantora Amanda Wanessa sofre grave acidente de carro\"\/><figcaption>Cantora Amanda Wanessa sofre grave acidente de carro&nbsp;\/ Foto: Reprodu\u00e7\u00e3o<\/figcaption><\/figure>\n\n\n\n<figure class=\"wp-block-image\"><img src=\"https:\/\/static.cdn.pleno.news\/2021\/01\/WhatsApp-Image-2021-01-04-at-16.16.56-768x1024.jpeg\" alt=\"Cantora Amanda Wanessa sofre grave acidente de carro\"\/><figcaption>Cantora Amanda Wanessa sofre grave acidente de carro&nbsp;\/ Foto: Reprodu\u00e7\u00e3o<\/figcaption><\/figure>\n\n\n\n<figure class=\"wp-block-image\"><img src=\"https:\/\/static.cdn.pleno.news\/2021\/01\/WhatsApp-Image-2021-01-04-at-16.12.37-1-768x576.jpeg\" alt=\"Cantora Amanda Wanessa sofre grave acidente de carro\"\/><figcaption>Cantora Amanda Wanessa sofre grave acidente de carro&nbsp;\/ Foto: Reprodu\u00e7\u00e3o<\/figcaption><\/figure>\n\n\n\n<figure class=\"wp-block-image\"><img src=\"https:\/\/static.cdn.pleno.news\/2021\/01\/WhatsApp-Image-2021-01-04-at-16.16.55-768x1024.jpeg\" alt=\"Cantora Amanda Wanessa sofre grave acidente de carro\"\/><figcaption>Cantora Amanda Wanessa sofre grave acidente de carro&nbsp;\/ Foto: Reprodu\u00e7\u00e3o<\/figcaption><\/figure>\n\n\n\n<figure class=\"wp-block-image\"><img src=\"https:\/\/static.cdn.pleno.news\/2021\/01\/Screenshot-10.png\" alt=\"Odilon, pai de Amanda Wanessa\"\/><figcaption>Odilon, pai de Amanda Wanessa&nbsp;\/ Foto: Reprodu\u00e7\u00e3o<\/figcaption><\/figure>\n\n\n\n<figure class=\"wp-block-image\"><img src=\"https:\/\/static.cdn.pleno.news\/2021\/01\/Screenshot-2021-01-04T172749.149.png\" alt=\"Amanda Wanessa e a filha, Mel\"\/><figcaption>Amanda Wanessa e a filha, Mel&nbsp;\/ Foto: Reprodu\u00e7\u00e3o<\/figcaption><\/figure>\n\n\n\n<p><strong>Qual o estado de sa\u00fade da Amanda?<\/strong><br>Ela segue internada fazendo fonoaudiologia e fisioterapia motora e respirat\u00f3ria. \u00c9 um processo lento, mas damos gra\u00e7as ao Senhor pela vida da Amanda e por sua evolu\u00e7\u00e3o. Foi um grave acidente e \u00e9 um milagre ela estar viva. Confiamos que, daqui a pouco tempo, ela poder\u00e1 ir para casa e receber os cuidados no conforto do lar.<\/p>\n\n\n\n<p><strong>O que voc\u00ea diria aos f\u00e3s, admiradores do minist\u00e9rio da Amanda que t\u00eam orado durante esse tempo?<\/strong><br>Acompanho sempre toda manifesta\u00e7\u00e3o de carinho dos admiradores da Amanda e tento responder algumas mensagens. Quero deixar minha sincera gratid\u00e3o aos milhares de irm\u00e3s e irm\u00e3os que dedicam seu tempo para deixar uma mensagem de carinho, amor, f\u00e9 e esperan\u00e7a. Agrade\u00e7o [por] todas as ora\u00e7\u00f5es. Quero tranquilizar todos. Como sempre venho falando, o processo \u00e9 de fato lento, mas vamos permanecer firmes e perseverantes na reabilita\u00e7\u00e3o da Amanda.<\/p>\n\n\n\n<figure class=\"wp-block-image\"><img src=\"https:\/\/static.cdn.pleno.news\/2022\/01\/199363532_513443996766679_6108540422979708511_n-1024x1024.jpg\" alt=\"\" class=\"wp-image-870800\"\/><figcaption>Dobson e Mel no hospital com Amanda&nbsp;Foto: Arquivo pessoal<\/figcaption><\/figure>\n\n\n\n<p><strong>A Mel estava no momento do acidente. Como ela est\u00e1?<\/strong><br>A Mel \u00e9 uma crian\u00e7a bastante amorosa e inteligente. Tenho me dedicado e me esfor\u00e7ado com toda aten\u00e7\u00e3o necess\u00e1ria, sendo presente e dando muito amor e carinho. Conversamos e brincamos, sempre passando confian\u00e7a pra ela.<\/p>\n","protected":false},"excerpt":{"rendered":"<p>O dia 4 de janeiro de 2021 \u00e9 uma data marcante para a fam\u00edlia da cantora Amanda Wanessa. Foi neste dia que a artista, de 34 anos, sofreu um grave acidente de carro, em Barreiros, Pernambuco. Ela estava acompanhada do pai Odilon, da filha Mel e de uma amiga, a cantora Juciara Pimentel. Mel, de [&hellip;]<\/p>\n","protected":false},"author":2,"featured_media":10213,"comment_status":"open","ping_status":"open","sticky":false,"template":"","format":"standard","meta":[],"categories":[17,5],"tags":[],"_links":{"self":[{"href":"https:\/\/dgospel.com.br\/portal\/index.php\/wp-json\/wp\/v2\/posts\/10212"}],"collection":[{"href":"https:\/\/dgospel.com.br\/portal\/index.php\/wp-json\/wp\/v2\/posts"}],"about":[{"href":"https:\/\/dgospel.com.br\/portal\/index.php\/wp-json\/wp\/v2\/types\/post"}],"author":[{"embeddable":true,"href":"https:\/\/dgospel.com.br\/portal\/index.php\/wp-json\/wp\/v2\/users\/2"}],"replies":[{"embeddable":true,"href":"https:\/\/dgospel.com.br\/portal\/index.php\/wp-json\/wp\/v2\/comments?post=10212"}],"version-history":[{"count":1,"href":"https:\/\/dgospel.com.br\/portal\/index.php\/wp-json\/wp\/v2\/posts\/10212\/revisions"}],"predecessor-version":[{"id":10214,"href":"https:\/\/dgospel.com.br\/portal\/index.php\/wp-json\/wp\/v2\/posts\/10212\/revisions\/10214"}],"wp:featuredmedia":[{"embeddable":true,"href":"https:\/\/dgospel.com.br\/portal\/index.php\/wp-json\/wp\/v2\/media\/10213"}],"wp:attachment":[{"href":"https:\/\/dgospel.com.br\/portal\/index.php\/wp-json\/wp\/v2\/media?parent=10212"}],"wp:term":[{"taxonomy":"category","embeddable":true,"href":"https:\/\/dgospel.com.br\/portal\/index.php\/wp-json\/wp\/v2\/categories?post=10212"},{"taxonomy":"post_tag","embeddable":true,"href":"https:\/\/dgospel.com.br\/portal\/index.php\/wp-json\/wp\/v2\/tags?post=10212"}],"curies":[{"name":"wp","href":"https:\/\/api.w.org\/{rel}","templated":true}]}}