{"id":10215,"date":"2022-01-07T09:36:24","date_gmt":"2022-01-07T12:36:24","guid":{"rendered":"http:\/\/dgospel.com.br\/portal\/?p=10215"},"modified":"2022-01-07T09:36:26","modified_gmt":"2022-01-07T12:36:26","slug":"evangelicos-clamam-a-deus-na-fronteira-entre-ucrania-e-russia-a-oracao-e-nossa-arma","status":"publish","type":"post","link":"https:\/\/dgospel.com.br\/portal\/index.php\/2022\/01\/07\/evangelicos-clamam-a-deus-na-fronteira-entre-ucrania-e-russia-a-oracao-e-nossa-arma\/","title":{"rendered":"Evang\u00e9licos clamam a Deus na fronteira entre Ucr\u00e2nia e R\u00fassia: \u201cA ora\u00e7\u00e3o \u00e9 nossa arma\u201d"},"content":{"rendered":"\n<p>O Natal dos&nbsp;<a href=\"https:\/\/guiame.com.br\/gospel\/missoes-acao-social\/com-aumento-da-tensao-em-relacao-russia-ucranianos-buscam-consolo-em-oracoes.html\"><strong>evang\u00e9licos que vivem na Ucr\u00e2nia<\/strong><\/a>&nbsp;foi marcado por&nbsp;<a href=\"https:\/\/guiame.com.br\/gospel\/noticias\/apos-intensificacao-de-oracao-da-igreja-russia-retira-tropas-proximas-ucrania.html\"><strong>jejum e ora\u00e7\u00e3o<\/strong><\/a>. O motivo: milhares de soldados russos a postos pr\u00f3ximo \u00e0 fronteira, levantando temores de uma invas\u00e3o da R\u00fassia.<\/p>\n\n\n\n<p>\u201cA ora\u00e7\u00e3o \u00e9 nossa arma espiritual\u201d, disse Igor Bandura, vice-presidente da Uni\u00e3o Batista da Ucr\u00e2nia ao Christianity Today. \u201cDeus pode desfazer o que os pol\u00edticos est\u00e3o planejando.\u201d<\/p>\n\n\n\n<p>A grande tens\u00e3o acontece nas regi\u00f5es Donetsk e Luhansk, \u00e1reas de divisa com a R\u00fassia, conhecidas como Donbass. Desde 2014, Donbass \u2014 localizada no sudeste da Ucr\u00e2nia \u2014 est\u00e1 sob controle de separatistas apoiados pelos russos.<\/p>\n\n\n\n<p>A Alian\u00e7a Evang\u00e9lica Europeia (AEE) declarou Donbass como \u201ca \u00e1rea da Europa onde a igreja mais sofre\u201d, em novembro de 2021. No total, o conflito matou mais de 14.000 pessoas e deslocou 2 milh\u00f5es das 5 milh\u00f5es de pessoas da regi\u00e3o.<\/p>\n\n\n\n<p>Na sexta-feira passada (31), o presidente dos Estados Unidos, Joe Biden, alertou o presidente russo, Vladimir Putin, que uma nova invas\u00e3o da Ucr\u00e2nia resultaria em \u201cum alto pre\u00e7o a pagar\u201d.&nbsp;<\/p>\n\n\n\n<p>Putin respondeu que uma nova san\u00e7\u00e3o americana provocaria um colapso completo nas rela\u00e7\u00f5es entre EUA e R\u00fassia.&nbsp;<\/p>\n\n\n\n<p>Na segunda-feira (3), Biden disse ao presidente ucraniano, Volodymyr Zelensky, que os EUA e seus aliados iriam \u201cresponder de forma decisiva\u201d \u00e0 agress\u00e3o russa e Zelensky agradeceu pelo \u201capoio inabal\u00e1vel\u201d.<\/p>\n\n\n\n<p><strong>Igrejas no campo de conflito<\/strong><\/p>\n\n\n\n<p>H\u00e1 anos atuando na zona de guerra, Vitaly Vlasenko, secret\u00e1rio-geral da Alian\u00e7a Evang\u00e9lica Russa (AER), j\u00e1 foi rotulado de espi\u00e3o.&nbsp;<\/p>\n\n\n\n<p>Ele viajou mais de 1000 km do sul de Moscou, na R\u00fassia, a Luhansk, na Ucr\u00e2nia, \u00e0s suas pr\u00f3prias custas, para tentar intermediar conflitos no Donbass \u2014 regi\u00e3o que se tornou&nbsp;<a href=\"https:\/\/guiame.com.br\/gospel\/missoes-acao-social\/igrejas-evangelicas-sao-fechadas-e-sofrem-restricoes-de-funcionamento-na-russia.html\"><strong>perigosa para as igrejas<\/strong><\/a>.<\/p>\n\n\n\n<p>Em 2018, os l\u00edderes separatistas no Donbass elaboraram leis para voltar a registrar as igrejas, aparentemente sob o princ\u00edpio da liberdade de consci\u00eancia e reuni\u00e3o.&nbsp;<\/p>\n\n\n\n<p>Sem registro, as igrejas eram desconectadas da rede de g\u00e1s e eletricidade. Todas as igrejas evang\u00e9licas&nbsp;<a href=\"https:\/\/guiame.com.br\/gospel\/mundo-cristao\/com-apoio-da-russia-rebeldes-fecham-igrejas-evangelicas-na-ucrania.html\"><strong>operavam ilegalmente<\/strong><\/a>, mas agora era inverno e frio.<\/p>\n\n\n\n<p>Dois anos antes, no entanto, as autoridades em Luhansk declararam os batistas e pentecostais uma \u201camea\u00e7a \u00e0 seguran\u00e7a\u201d. Pastores foram assassinados e igrejas foram confiscadas.<\/p>\n\n\n\n<figure class=\"wp-block-image\"><img src=\"https:\/\/thumbor.guiame.com.br\/unsafe\/smart\/https:\/\/media.guiame.com.br\/archives\/2022\/01\/06\/2862825649-lideres-mortos.png\" alt=\"\"\/><\/figure>\n\n\n\n<p><br><sup>Culto memorial para quatro l\u00edderes religiosos mortos na Ucr\u00e2nia em 2014. (Foto: Church in Chains)<\/sup><\/p>\n\n\n\n<p>Em dezembro de 2018, Vlasenko foi at\u00e9 o Donbass para falar com autoridades separatistas sobre o processo de registro das igrejas. Ele sabia do risco que corria, j\u00e1 que apenas pessoas conectadas \u00e0 KGB poderiam ter acesso a eles.<\/p>\n\n\n\n<p>A visita de Vlasenko foi organizada por meio de contatos com a Igreja Ortodoxa Russa em Luhansk. Ele conseguiu entrar em contato com o oficial de assuntos religiosos, que possibilitou que os registros fossem dados a todos os que conclu\u00edssem os procedimentos.&nbsp;<\/p>\n\n\n\n<p>Apesar de ajudar as igrejas da Ucr\u00e2nia, Vlasenko diz que hoje as rela\u00e7\u00f5es entre os evang\u00e9licos russos e ucranianos ficaram tensas.&nbsp;<\/p>\n\n\n\n<p>\u201cNossos irm\u00e3os em Cristo na Ucr\u00e2nia est\u00e3o clamando: &#8216;Por que voc\u00eas n\u00e3o pressionam a R\u00fassia para parar com essa agress\u00e3o?&#8217;\u201d, disse Vlasenko. \u201cDizemos a eles que somos uma minoria sem posi\u00e7\u00e3o e sem informa\u00e7\u00f5es claras, e oficialmente a R\u00fassia n\u00e3o faz parte deste conflito.\u201d<\/p>\n\n\n\n<p>\u201cEu entendo que eles est\u00e3o em uma situa\u00e7\u00e3o dif\u00edcil\u201d, acrescenta Vlasenko. \u201cA maioria das igrejas tem sua sede em Kiev (capital da Ucr\u00e2nia), ent\u00e3o como elas podem aceitar o registro [dos separatistas] e explicar isso a seus irm\u00e3os na capital?\u201d<\/p>\n\n\n\n<p>Mas as igrejas do Donbass enfrentam uma escolha: continuar sofrendo ou continuar atuando no minist\u00e9rio.&nbsp;<\/p>\n\n\n\n<figure class=\"wp-block-image\"><img src=\"https:\/\/thumbor.guiame.com.br\/unsafe\/smart\/https:\/\/media.guiame.com.br\/archives\/2022\/01\/06\/25798359-igreja-na-ucrania.png\" alt=\"\"\/><\/figure>\n\n\n\n<p><br><sup>Igreja Batista Templo da Paz, constru\u00edda no centro de Kiev, capital da Ucr\u00e2nia. (Foto: Movimento Conservador da Ucr\u00e2nia via Christianity Today)<\/sup><\/p>\n\n\n\n<p><strong>Problemas de liberdade religiosa<\/strong><\/p>\n\n\n\n<p>Os problemas de liberdade religiosa em Donbass listados pela Alian\u00e7a Evang\u00e9lica Europeia incluem:<\/p>\n\n\n\n<p>&#8211; Muitas igrejas s\u00e3o ilegais e n\u00e3o podem se reunir, especialmente as evang\u00e9licas e as ortodoxas ucranianas. Denomina\u00e7\u00f5es inteiras s\u00e3o classificadas como extremistas sem justificativa.<\/p>\n\n\n\n<p>&#8211; Muita literatura crist\u00e3 \u00e9 proibida, incluindo a tradu\u00e7\u00e3o sinodal russa da B\u00edblia. Os edif\u00edcios das igrejas foram apreendidos \u00e0 for\u00e7a; a Universidade Crist\u00e3 de Donetsk \u00e9 ocupada por soldados.<\/p>\n\n\n\n<p>&#8211; O sistema de registro para comunidades religiosas \u00e9 totalmente injusto. As igrejas tiveram seus pedidos rejeitados por serem supostamente extremistas.<\/p>\n\n\n\n<p>At\u00e9 o momento, apenas algumas igrejas evang\u00e9licas foram \u201clegalizadas\u201d em Luhansk. Igor Bandura, vice-presidente da Uni\u00e3o Batista da Ucr\u00e2nia, disse que o processo de registro foi projetado para ser imposs\u00edvel. Mas na Donetsk ocupada, a outra metade da regi\u00e3o de Donbass que tamb\u00e9m opera sob suas pr\u00f3prias leis e autoridades rebeldes, tem havido mais flexibilidade.<\/p>\n\n\n\n<p><strong>Batistas s\u00e3o considerados \u201cterroristas\u201d<\/strong><\/p>\n\n\n\n<p>Luhansk designou oficialmente a Uni\u00e3o Batista como um grupo terrorista, disse Bandura. Portanto, a igreja l\u00e1 \u00e9 subterr\u00e2nea. Em Donbass, apenas metade das cerca de 100 igrejas ainda est\u00e3o funcionando.&nbsp;<\/p>\n\n\n\n<p>H\u00e1 procedimentos em andamento com as autoridades rebeldes em Donetsk para unir tr\u00eas grupos batistas sob o mesmo guarda-chuva, a fim de garantir o registro.<\/p>\n\n\n\n<p>\u201cSe \u00e9 assim que voc\u00eas podem preservar suas igrejas e minist\u00e9rios, n\u00e3o somos contra\u201d, disse Bandura. \u201cN\u00e3o encorajamos nem recomendamos nada \u2014 e presumimos que qualquer acordo seja tempor\u00e1rio.\u201d<\/p>\n\n\n\n<p>Outros grupos em Donetsk ainda consideram os requisitos complicados. Mas Yuriy Kulakevych, diretor de rela\u00e7\u00f5es exteriores da Igreja Pentecostal Ucraniana, acha que as coisas podem estar avan\u00e7ando.<\/p>\n\n\n\n<p>\u201cA R\u00fassia gosta de mostrar que cumpre os padr\u00f5es internacionais de liberdade religiosa\u201d, disse ele. \u201cMas, por enquanto, somos ilegais, mandados a sentar e ficar quietos.\u201d<\/p>\n\n\n\n<figure class=\"wp-block-image\"><img src=\"https:\/\/thumbor.guiame.com.br\/unsafe\/smart\/https:\/\/media.guiame.com.br\/archives\/2022\/01\/06\/4201888449-batismo-na-ucrania.png\" alt=\"\"\/><\/figure>\n\n\n\n<p><br><sup>Batismo em massa em Kiev conduzido por igrejas evang\u00e9licas ucranianas em 2018. (Foto: Movimento Conservador da Ucr\u00e2nia via Christianity Today)<\/sup><\/p>\n\n\n\n<p>A situa\u00e7\u00e3o \u00e9 diferente na Crimeia, disse ele, que em 2014 foi anexada por separatistas apoiados pela R\u00fassia. A R\u00fassia conduziu um referendo sobre a anexa\u00e7\u00e3o (que n\u00e3o foi reconhecido pela comunidade internacional) e incorporou a pen\u00ednsula do Mar Negro em seu territ\u00f3rio.<\/p>\n\n\n\n<p>Os pentecostais aprovaram a nova realidade. \u201cVimos isso como o melhor meio poss\u00edvel para sobreviver\u201d, disse Kulakevych. \u201cOs l\u00edderes pentecostais russos s\u00e3o todos mission\u00e1rios ucranianos de 30 anos atr\u00e1s; n\u00f3s conhecemos eles.\u201d<\/p>\n\n\n\n<p>Mas nem todas as rela\u00e7\u00f5es s\u00e3o boas. O segundo maior grupo pentecostal na R\u00fassia, segundo Kulakevych, \u00e9 liderado por um l\u00edder \u201c100% comprometido com a agenda do Kremlin na Ucr\u00e2nia\u201d.<\/p>\n\n\n\n<p>J\u00e1 Vlasenko, da Alian\u00e7a Evang\u00e9lica Russa, revela que falou com os crimeanos: eles queriam a anexa\u00e7\u00e3o, mas a Ucr\u00e2nia nunca teria permitido um referendo.<\/p>\n\n\n\n<p><strong>Conflito entre evang\u00e9licos russos e ucranianos<\/strong><\/p>\n\n\n\n<p>Kulakevych relatou um sentimento de frustra\u00e7\u00e3o entre os pentecostais ucranianos a partir de 2014, na \u00e9poca da anexa\u00e7\u00e3o da Crimeia, alegando que os pentecostais russos n\u00e3o protestaram contra seu sofrimento.&nbsp;<\/p>\n\n\n\n<p>Em agosto de 2021, a R\u00fassia declarou os grupos pentecostais da Nova Gera\u00e7\u00e3o da Ucr\u00e2nia \u201cindesej\u00e1veis\u201d, os banindo do pa\u00eds. Em outubro, os regulamentos entraram em vigor para exigir que todos os mission\u00e1rios treinados no exterior fizessem um curso oficial sobre as rela\u00e7\u00f5es entre Igreja-Estado e recebessem uma recertifica\u00e7\u00e3o de seu minist\u00e9rio.<\/p>\n\n\n\n<p>A indigna\u00e7\u00e3o foi sentida na Ucr\u00e2nia, mas Kulakevych tentou acalm\u00e1-los. \u201cEles exigem [que os evang\u00e9licos russos] falem abertamente contra o Putin\u201d, disse ele. \u201cN\u00e3o estamos no lugar deles e n\u00e3o entendemos os riscos que correm pelo Evangelho\u201d.<\/p>\n\n\n\n<p>Igor Bandura entendeu melhor a situa\u00e7\u00e3o h\u00e1 dois anos, quando a Uni\u00e3o Batista da R\u00fassia foi para a Ucr\u00e2nia. Perturbados por anos de conflitos, os l\u00edderes batistas russos e ucranianos realizaram reuni\u00f5es que ajudaram a curar relacionamentos, disse Bandura.&nbsp;<\/p>\n\n\n\n<p>Ap\u00f3s dois dias de sess\u00f5es a portas fechadas e sem declara\u00e7\u00f5es p\u00fablicas, as quest\u00f5es entre os dois foram resolvidas.<\/p>\n\n\n\n<p>\u201cEntendemos que a situa\u00e7\u00e3o da liberdade religiosa na R\u00fassia \u00e9 terr\u00edvel e n\u00e3o esperamos que eles falem bravamente por n\u00f3s\u201d, disse Bandura. \u201cBasta que se mantenham em sil\u00eancio\u201d.<\/p>\n\n\n\n<p>Vlasenko, entretanto, quer falar \u2014 mas com cuidado. Ele acredita na independ\u00eancia da Ucr\u00e2nia. Ele quer que os evang\u00e9licos de ambos os pa\u00edses comuniquem aos seus l\u00edderes nacionais que a guerra n\u00e3o \u00e9 a resposta para os problemas pol\u00edticos. E como pastor, ele acredita que deve buscar a paz e a reconcilia\u00e7\u00e3o.<\/p>\n\n\n\n<figure class=\"wp-block-image\"><img src=\"https:\/\/thumbor.guiame.com.br\/unsafe\/smart\/https:\/\/media.guiame.com.br\/archives\/2022\/01\/06\/3165351554-forum-de-cristaos-ucranianos.png\" alt=\"\"\/><\/figure>\n\n\n\n<p><br><sup>Terceiro F\u00f3rum Ucraniano de L\u00edderes Pol\u00edticos Crist\u00e3os, em Kiev. (Foto: Movimento Conservador da Ucr\u00e2nia via Christianity Today)<\/sup><\/p>\n\n\n\n<p><strong>A vis\u00e3o dos ucranianos<\/strong><\/p>\n\n\n\n<p>A situa\u00e7\u00e3o \u00e9 simples para os ucranianos. \u201cA Ucr\u00e2nia sempre irritou a R\u00fassia\u201d, disse Oleksandr Turchynov, ex-presidente interino da Ucr\u00e2nia e pregador em sua igreja batista em Kiev. \u201cA democracia, e mesmo a nossa pr\u00f3pria exist\u00eancia, \u00e9 uma amea\u00e7a ao regime de Putin.\u201d<\/p>\n\n\n\n<p>Turchynov, coordenador do Movimento Conservador da Ucr\u00e2nia, n\u00e3o est\u00e1 satisfeito com o tom de reconcilia\u00e7\u00e3o que a Europa quer promover entre a R\u00fassia e a Ucr\u00e2nia. Ele, na verdade, est\u00e1 ansioso para que a Ucr\u00e2nia se junte \u00e0 Otan e fortale\u00e7a os valores conservadores dentro da Uni\u00e3o Europeia.<\/p>\n\n\n\n<p>Mas a esperan\u00e7a final de Turchynov est\u00e1 em outro lugar. \u201cO Senhor vai destruir todas as transgress\u00f5es do maligno\u201d, disse ele. \u201cA verdade est\u00e1 conosco, portanto, Deus est\u00e1 conosco. E onde Deus est\u00e1, a vit\u00f3ria tamb\u00e9m est\u00e1.\u201d<\/p>\n\n\n\n<p>Os irm\u00e3os evang\u00e9licos podem encontrar um ponto de unidade? Para Vlasenko, esta ainda \u00e9 uma quest\u00e3o dif\u00edcil. \u201cTodos n\u00f3s dizemos que fazemos parte do reino de Deus juntos. Mas quando se trata de pol\u00edtica, nos dividimos novamente\u201d, lamenta.<\/p>\n","protected":false},"excerpt":{"rendered":"<p>O Natal dos&nbsp;evang\u00e9licos que vivem na Ucr\u00e2nia&nbsp;foi marcado por&nbsp;jejum e ora\u00e7\u00e3o. O motivo: milhares de soldados russos a postos pr\u00f3ximo \u00e0 fronteira, levantando temores de uma invas\u00e3o da R\u00fassia. \u201cA ora\u00e7\u00e3o \u00e9 nossa arma espiritual\u201d, disse Igor Bandura, vice-presidente da Uni\u00e3o Batista da Ucr\u00e2nia ao Christianity Today. \u201cDeus pode desfazer o que os pol\u00edticos est\u00e3o [&hellip;]<\/p>\n","protected":false},"author":2,"featured_media":10216,"comment_status":"open","ping_status":"open","sticky":false,"template":"","format":"standard","meta":[],"categories":[5,1],"tags":[],"_links":{"self":[{"href":"https:\/\/dgospel.com.br\/portal\/index.php\/wp-json\/wp\/v2\/posts\/10215"}],"collection":[{"href":"https:\/\/dgospel.com.br\/portal\/index.php\/wp-json\/wp\/v2\/posts"}],"about":[{"href":"https:\/\/dgospel.com.br\/portal\/index.php\/wp-json\/wp\/v2\/types\/post"}],"author":[{"embeddable":true,"href":"https:\/\/dgospel.com.br\/portal\/index.php\/wp-json\/wp\/v2\/users\/2"}],"replies":[{"embeddable":true,"href":"https:\/\/dgospel.com.br\/portal\/index.php\/wp-json\/wp\/v2\/comments?post=10215"}],"version-history":[{"count":1,"href":"https:\/\/dgospel.com.br\/portal\/index.php\/wp-json\/wp\/v2\/posts\/10215\/revisions"}],"predecessor-version":[{"id":10217,"href":"https:\/\/dgospel.com.br\/portal\/index.php\/wp-json\/wp\/v2\/posts\/10215\/revisions\/10217"}],"wp:featuredmedia":[{"embeddable":true,"href":"https:\/\/dgospel.com.br\/portal\/index.php\/wp-json\/wp\/v2\/media\/10216"}],"wp:attachment":[{"href":"https:\/\/dgospel.com.br\/portal\/index.php\/wp-json\/wp\/v2\/media?parent=10215"}],"wp:term":[{"taxonomy":"category","embeddable":true,"href":"https:\/\/dgospel.com.br\/portal\/index.php\/wp-json\/wp\/v2\/categories?post=10215"},{"taxonomy":"post_tag","embeddable":true,"href":"https:\/\/dgospel.com.br\/portal\/index.php\/wp-json\/wp\/v2\/tags?post=10215"}],"curies":[{"name":"wp","href":"https:\/\/api.w.org\/{rel}","templated":true}]}}