{"id":1022,"date":"2018-08-16T10:03:48","date_gmt":"2018-08-16T13:03:48","guid":{"rendered":"http:\/\/dgospel.com.br\/portal\/?p=1022"},"modified":"2018-08-16T10:03:48","modified_gmt":"2018-08-16T13:03:48","slug":"propaganda-na-internet-carro-de-som-e-comicios-estao-liberados-a-partir-desta-quinta16","status":"publish","type":"post","link":"https:\/\/dgospel.com.br\/portal\/index.php\/2018\/08\/16\/propaganda-na-internet-carro-de-som-e-comicios-estao-liberados-a-partir-desta-quinta16\/","title":{"rendered":"Propaganda na internet, carro de som e com\u00edcios est\u00e3o liberados a partir desta quinta(16)"},"content":{"rendered":"<p class=\"p3\"><span class=\"s1\">A propaganda eleitoral de rua est\u00e1 liberada a partir desta quinta-feira, 16, com o fim do per\u00edodo de registro de candidatura nesta quarta-feira, 15.\u00a0<\/span><span class=\"s1\">Est\u00e3o permitidos a realiza\u00e7\u00e3o de com\u00edcios, distribui\u00e7\u00e3o de folhetos e santinhos, uso de carro de som e veicula\u00e7\u00e3o de propaganda na internet.<\/span><\/p>\n<p class=\"p3\"><span class=\"s1\">J\u00e1 a propaganda de r\u00e1dio e televis\u00e3o come\u00e7ou no dia 31 de agosto e seguir\u00e1 at\u00e9 4 de setembro. As elei\u00e7\u00f5es ocorrer\u00e3o no dia 7 de outubro.<\/span><\/p>\n<p class=\"p4\"><span class=\"s1\">Confira alguns principais pontos que passam a ser permitidos ou vedados aos candidatos, partidos e coliga\u00e7\u00f5es, a partir desta quinta-feira para as Elei\u00e7\u00f5es Gerais de 2018. Clique\u00a0<strong><a href=\"http:\/\/www.justicaeleitoral.jus.br\/arquivos\/tre-to-cartilha-propaganda-eleitoral-2018\" target=\"_blank\" rel=\"noopener\"><span class=\"s2\">aqui\u00a0<\/span><\/a><\/strong>para conferir a Cartilha da Propaganda eleitoral 2018, em PDF.<\/span><\/p>\n<h1 class=\"p4\"><span class=\"s1\"><b>Com\u00edcios e Carreatas<\/b><\/span><\/h1>\n<p class=\"p4\"><span class=\"s1\">Os partidos e coliga\u00e7\u00f5es poder\u00e3o realizar com\u00edcios e utilizar a aparelhagem de sonoriza\u00e7\u00e3o fixa no local do com\u00edcio, das 8h \u00e0s 24 horas. (Lei n\u00ba 9.504\/97, art. 39, \u00a7 4\u00ba).<\/span><\/p>\n<p class=\"p4\"><span class=\"s1\">O funcionamento de alto-falantes ou amplificadores de som somente \u00e9 permitido entre, \u00e0s 8h e \u00e0s 22h, sendo proibido o uso pr\u00f3ximo (dist\u00e2ncia inferior a 200m) a hospitais, escolas, bibliotecas p\u00fablicas, igrejas, teatros, quart\u00e9is, sedes dos tribunais judiciais e das sedes dos Poderes Executivo e Legislativo da uni\u00e3o, dos Estados e Munic\u00edpios.<\/span><\/p>\n<h1 class=\"p4\"><span class=\"s1\"><b>Material Gr\u00e1fico<\/b><\/span><\/h1>\n<p class=\"p4\"><span class=\"s1\">Ser\u00e1 permitida a distribui\u00e7\u00e3o de material gr\u00e1fico em caminhadas, carreatas, passeatas ou carro de som, que transite pela cidade, divulgando jingles ou mensagens de candidatos (Res. TSE N\u00ba 23.551\/2017, art. 11, \u00a7 5\u00ba).<\/span><\/p>\n<p class=\"p4\"><span class=\"s1\">\u00c9 vedada a veicula\u00e7\u00e3o de propaganda de qualquer natureza nos bens de uso comum do poder p\u00fablico, tais como: postes de ilumina\u00e7\u00e3o p\u00fablica, sinaliza\u00e7\u00e3o de tr\u00e1fego, viadutos, passarelas, pontes, paradas de \u00f4nibus e outros, inclusive picha\u00e7\u00e3o, inscri\u00e7\u00e3o a tinta e exposi\u00e7\u00e3o de placas, estandartes, faixas, cavaletes, bonecos e assemelhados, que n\u00e3o dificultem o bom andamento do tr\u00e2nsito de pessoas e ve\u00edculos (Res. TSE N\u00ba 23.551\/2017, art. 14).<\/span><\/p>\n<p class=\"p4\"><span class=\"s1\">\u00c9 proibido colar propaganda eleitoral em ve\u00edculos, exceto adesivo pl\u00e1stico em autom\u00f3veis, caminh\u00f5es, bicicletas, motocicletas e resid\u00eancias, desde que n\u00e3o exceda a 0,5m\u00b2 (meio metro quadrado). Adesivo cuja dimens\u00e3o exceda a 0,5m\u00b2 caracteriza propaganda irregular (Res. TSE N\u00ba 23.551\/2017, art. 15, \u00a7 3\u00ba).<\/span><\/p>\n<h1 class=\"p4\"><span class=\"s1\"><b>Outdoor<\/b><\/span><\/h1>\n<p class=\"p4\"><span class=\"s1\">\u00c9 vedada a propaganda eleitoral por meio de outdoors, inclusive eletr\u00f4nicos, ou pe\u00e7as de propaganda que se assemelhem ou causem efeito visual de outdoor, sujeitando-se a empresa respons\u00e1vel, os partidos pol\u00edticos, as coliga\u00e7\u00f5es e os candidatos a imediata retirada da propaganda irregular e ao pagamento de multa no valor de R$ 5.000,00 (cinco mil reais) a R$ 15.000,00 (quinze mil reais) (Res. TSE N\u00ba 23.551\/2017, art. 21).<\/span><\/p>\n<h1 class=\"p4\"><span class=\"s1\"><b>Propaganda na internet<\/b><\/span><\/h1>\n<p class=\"p4\"><span class=\"s1\">\u00c9 permitida a propaganda eleitoral na internet, desde que n\u00e3o seja paga, sendo proibida a utiliza\u00e7\u00e3o de impulsionamento pago de conte\u00fados.<\/span><\/p>\n<h1 class=\"p4\"><span class=\"s1\"><b>Imprensa<\/b><\/span><\/h1>\n<p class=\"p4\"><span class=\"s1\">S\u00e3o permitidas, at\u00e9 a antev\u00e9spera das elei\u00e7\u00f5es, a divulga\u00e7\u00e3o paga, na imprensa escrita, e a reprodu\u00e7\u00e3o na internet do jornal impresso, de at\u00e9 10 (dez) an\u00fancios de propaganda eleitoral, por ve\u00edculo, em datas diversas, para cada candidato, no espa\u00e7o m\u00e1ximo, por edi\u00e7\u00e3o, de 1\/8 (um oitavo) de p\u00e1gina de jornal padr\u00e3o e, de 1\/4 (um quarto) de p\u00e1gina de revista ou tabloide (Res. TSE N\u00ba 23.551\/2017, art. 36).<\/span><\/p>\n<h1 class=\"p4\"><span class=\"s1\"><b>R\u00e1dio e Televis\u00e3o<\/b><\/span><\/h1>\n<p class=\"p4\"><span class=\"s1\">N\u00e3o ser\u00e1 permitido qualquer tipo de propaganda pol\u00edtica paga no r\u00e1dio e na televis\u00e3o. O per\u00edodo do hor\u00e1rio eleitoral gratuito ter\u00e1 in\u00edcio no dia 31 de agosto (37 dias antes das elei\u00e7\u00f5es) e t\u00e9rmino no dia 4 de outubro, referente ao primeiro turno. Se houver segundo turno a propaganda pode ser transmitida do dia 12 de outubro at\u00e9 o dia 26 de outubro.\u00a0<i>(Com informa\u00e7\u00f5es da Ascom do TRE-TO)<\/i><\/span><\/p>\n","protected":false},"excerpt":{"rendered":"<p>A propaganda eleitoral de rua est\u00e1 liberada a partir desta quinta-feira, 16, com o fim do per\u00edodo de registro de candidatura nesta quarta-feira, 15.\u00a0Est\u00e3o permitidos a realiza\u00e7\u00e3o de com\u00edcios, distribui\u00e7\u00e3o de folhetos e santinhos, uso de carro de som e veicula\u00e7\u00e3o de propaganda na internet. J\u00e1 a propaganda de r\u00e1dio e televis\u00e3o come\u00e7ou no dia [&hellip;]<\/p>\n","protected":false},"author":2,"featured_media":1023,"comment_status":"open","ping_status":"open","sticky":false,"template":"","format":"standard","meta":[],"categories":[2,4],"tags":[],"_links":{"self":[{"href":"https:\/\/dgospel.com.br\/portal\/index.php\/wp-json\/wp\/v2\/posts\/1022"}],"collection":[{"href":"https:\/\/dgospel.com.br\/portal\/index.php\/wp-json\/wp\/v2\/posts"}],"about":[{"href":"https:\/\/dgospel.com.br\/portal\/index.php\/wp-json\/wp\/v2\/types\/post"}],"author":[{"embeddable":true,"href":"https:\/\/dgospel.com.br\/portal\/index.php\/wp-json\/wp\/v2\/users\/2"}],"replies":[{"embeddable":true,"href":"https:\/\/dgospel.com.br\/portal\/index.php\/wp-json\/wp\/v2\/comments?post=1022"}],"version-history":[{"count":1,"href":"https:\/\/dgospel.com.br\/portal\/index.php\/wp-json\/wp\/v2\/posts\/1022\/revisions"}],"predecessor-version":[{"id":1024,"href":"https:\/\/dgospel.com.br\/portal\/index.php\/wp-json\/wp\/v2\/posts\/1022\/revisions\/1024"}],"wp:featuredmedia":[{"embeddable":true,"href":"https:\/\/dgospel.com.br\/portal\/index.php\/wp-json\/wp\/v2\/media\/1023"}],"wp:attachment":[{"href":"https:\/\/dgospel.com.br\/portal\/index.php\/wp-json\/wp\/v2\/media?parent=1022"}],"wp:term":[{"taxonomy":"category","embeddable":true,"href":"https:\/\/dgospel.com.br\/portal\/index.php\/wp-json\/wp\/v2\/categories?post=1022"},{"taxonomy":"post_tag","embeddable":true,"href":"https:\/\/dgospel.com.br\/portal\/index.php\/wp-json\/wp\/v2\/tags?post=1022"}],"curies":[{"name":"wp","href":"https:\/\/api.w.org\/{rel}","templated":true}]}}