{"id":10221,"date":"2022-01-07T09:53:45","date_gmt":"2022-01-07T12:53:45","guid":{"rendered":"http:\/\/dgospel.com.br\/portal\/?p=10221"},"modified":"2022-01-07T09:53:47","modified_gmt":"2022-01-07T12:53:47","slug":"416-milhoes-de-cristaos-vivem-em-terras-de-perseguicao-aponta-organizacao","status":"publish","type":"post","link":"https:\/\/dgospel.com.br\/portal\/index.php\/2022\/01\/07\/416-milhoes-de-cristaos-vivem-em-terras-de-perseguicao-aponta-organizacao\/","title":{"rendered":"416 milh\u00f5es de crist\u00e3os vivem em terras de persegui\u00e7\u00e3o, aponta organiza\u00e7\u00e3o"},"content":{"rendered":"\n<p>Mais de 400 milh\u00f5es de crist\u00e3os vivem em&nbsp;<a href=\"https:\/\/guiame.com.br\/gospel\/missoes-acao-social\/mais-de-260-milhoes-de-cristaos-sao-perseguidos-por-causa-de-sua-fe-diz-pesquisa.html\"><strong>pa\u00edses que perseguem igrejas<\/strong><\/a>&nbsp;\u2014 e essa persegui\u00e7\u00e3o s\u00f3 est\u00e1 piorando, segundo o diretor da organiza\u00e7\u00e3o Ajuda \u00e0 Igreja que Sofre na It\u00e1lia.<\/p>\n\n\n\n<p>Alessandro Monteduro disse ao site Vatican News, em entrevista publicada na semana passada, que h\u00e1 cerca de 416 milh\u00f5es de crist\u00e3os vivendo \u201cem terras de persegui\u00e7\u00e3o\u201d.<\/p>\n\n\n\n<figure class=\"wp-block-image\"><img src=\"https:\/\/thumbor.guiame.com.br\/unsafe\/840x500\/http:\/\/media.guiame.com.br\/archives\/2022\/01\/07\/1275711818-cristaos-perseguidos.jpeg\" alt=\"Mais de 400 milh\u00f5es de crist\u00e3os vivem em pa\u00edses que perseguem igrejas. (Foto: Facebook\/Aid to the Church in Need UK)\"\/><\/figure>\n\n\n\n<p>Mais de 400 milh\u00f5es de crist\u00e3os vivem em pa\u00edses que perseguem igrejas. (Foto: Facebook\/Aid to the Church in Need UK) <\/p>\n\n\n\n<p>\u201cQuero esclarecer que \u2018morar em terras de persegui\u00e7\u00e3o\u2019 n\u00e3o significa \u2018ser perseguido\u2019, mas viver em uma terra de persegui\u00e7\u00e3o, por\u00e9m, exp\u00f5e voc\u00ea todos os dias a riscos devido ao comportamento dos perseguidores\u201d, explicou Monteduro.<\/p>\n\n\n\n<p>Ele diz ainda que 2021 foi um \u201cano de dor e sofrimento\u201d para os crist\u00e3os perseguidos ao redor do mundo. \u201cInfelizmente, todos os relat\u00f3rios das ag\u00eancias de caridade, mas tamb\u00e9m aqueles relat\u00f3rios que envolvem os Estados mais dispostos a faz\u00ea-los, como os EUA e a Gr\u00e3-Bretanha, falam de um endurecimento de suas condi\u00e7\u00f5es\u201d, observou.<\/p>\n\n\n\n<p>Monteduro tamb\u00e9m disse ao Vatican News que em \u201ccertas \u00e1reas do planeta\u201d, como o continente africano, \u201co sofrimento das comunidades crist\u00e3s est\u00e1 piorando\u201d devido \u00e0 intoler\u00e2ncia religiosa.&nbsp;&nbsp;<\/p>\n\n\n\n<p>\u201cPor toda a \u00c1frica, da \u00c1frica Subsaariana \u00e0 \u00c1frica Oriental, existem pelo algumas dezenas de organiza\u00e7\u00f5es terroristas que t\u00eam a ambi\u00e7\u00e3o, de seu ponto de vista, de instalar califados em seus territ\u00f3rios. Me refiro a pa\u00edses como Burkina Faso, N\u00edger, Chade, Mali, Camar\u00f5es ou o pr\u00f3prio norte da Nig\u00e9ria\u201d, disse ele.<\/p>\n\n\n\n<p>Monteduro tamb\u00e9m falou sobre a violenta persegui\u00e7\u00e3o na \u00cdndia, provocada por locais que acusam grupos crist\u00e3os de converter hindus ao cristianismo. Ele lembra que o mesmo acontece em outros pa\u00edses da \u00c1sia, como Mianmar e Paquist\u00e3o.<\/p>\n\n\n\n<p>Falando sobre o Paquist\u00e3o, Monteduro comenta o&nbsp;<a href=\"https:\/\/guiame.com.br\/gospel\/missoes-acao-social\/menina-crista-de-13-anos-e-forcada-se-casar-e-se-converter-ao-isla-no-paquistao.html\"><strong>drama vivido por muitas meninas<\/strong><\/a>, que s\u00e3o \u201csequestradas e convertidas \u00e0 for\u00e7a, estupradas e for\u00e7adas a se casar com seu sequestrador\u201d.&nbsp;<\/p>\n\n\n\n<p>No entanto, ele lamenta por acontecimentos como estes n\u00e3o indignarem a sociedade ocidental. Apesar das den\u00fancias das organiza\u00e7\u00f5es crist\u00e3s, Monteduro diz que n\u00e3o h\u00e1 \u201co clamor adequado\u201d por parte dos governos e imprensa. \u201cH\u00e1 muita indiferen\u00e7a em rela\u00e7\u00e3o a essas trag\u00e9dias\u201d, afirma.<\/p>\n\n\n\n<p><\/p>\n","protected":false},"excerpt":{"rendered":"<p>Mais de 400 milh\u00f5es de crist\u00e3os vivem em&nbsp;pa\u00edses que perseguem igrejas&nbsp;\u2014 e essa persegui\u00e7\u00e3o s\u00f3 est\u00e1 piorando, segundo o diretor da organiza\u00e7\u00e3o Ajuda \u00e0 Igreja que Sofre na It\u00e1lia. Alessandro Monteduro disse ao site Vatican News, em entrevista publicada na semana passada, que h\u00e1 cerca de 416 milh\u00f5es de crist\u00e3os vivendo \u201cem terras de persegui\u00e7\u00e3o\u201d. [&hellip;]<\/p>\n","protected":false},"author":2,"featured_media":10222,"comment_status":"open","ping_status":"open","sticky":false,"template":"","format":"standard","meta":[],"categories":[5,1],"tags":[],"_links":{"self":[{"href":"https:\/\/dgospel.com.br\/portal\/index.php\/wp-json\/wp\/v2\/posts\/10221"}],"collection":[{"href":"https:\/\/dgospel.com.br\/portal\/index.php\/wp-json\/wp\/v2\/posts"}],"about":[{"href":"https:\/\/dgospel.com.br\/portal\/index.php\/wp-json\/wp\/v2\/types\/post"}],"author":[{"embeddable":true,"href":"https:\/\/dgospel.com.br\/portal\/index.php\/wp-json\/wp\/v2\/users\/2"}],"replies":[{"embeddable":true,"href":"https:\/\/dgospel.com.br\/portal\/index.php\/wp-json\/wp\/v2\/comments?post=10221"}],"version-history":[{"count":1,"href":"https:\/\/dgospel.com.br\/portal\/index.php\/wp-json\/wp\/v2\/posts\/10221\/revisions"}],"predecessor-version":[{"id":10223,"href":"https:\/\/dgospel.com.br\/portal\/index.php\/wp-json\/wp\/v2\/posts\/10221\/revisions\/10223"}],"wp:featuredmedia":[{"embeddable":true,"href":"https:\/\/dgospel.com.br\/portal\/index.php\/wp-json\/wp\/v2\/media\/10222"}],"wp:attachment":[{"href":"https:\/\/dgospel.com.br\/portal\/index.php\/wp-json\/wp\/v2\/media?parent=10221"}],"wp:term":[{"taxonomy":"category","embeddable":true,"href":"https:\/\/dgospel.com.br\/portal\/index.php\/wp-json\/wp\/v2\/categories?post=10221"},{"taxonomy":"post_tag","embeddable":true,"href":"https:\/\/dgospel.com.br\/portal\/index.php\/wp-json\/wp\/v2\/tags?post=10221"}],"curies":[{"name":"wp","href":"https:\/\/api.w.org\/{rel}","templated":true}]}}