{"id":10224,"date":"2022-01-07T12:22:59","date_gmt":"2022-01-07T15:22:59","guid":{"rendered":"http:\/\/dgospel.com.br\/portal\/?p=10224"},"modified":"2022-01-07T12:23:00","modified_gmt":"2022-01-07T15:23:00","slug":"wanderlei-barbosa-decreta-situacao-de-emergencia-em-razao-das-enchentes-causadas-pelo-intenso-periodo-chuvoso","status":"publish","type":"post","link":"https:\/\/dgospel.com.br\/portal\/index.php\/2022\/01\/07\/wanderlei-barbosa-decreta-situacao-de-emergencia-em-razao-das-enchentes-causadas-pelo-intenso-periodo-chuvoso\/","title":{"rendered":"Wanderlei Barbosa decreta situa\u00e7\u00e3o de emerg\u00eancia em raz\u00e3o das enchentes causadas pelo intenso per\u00edodo chuvoso"},"content":{"rendered":"\n<p>O governador em exerc\u00edcio do Estado do Tocantins, Wanderlei Barbosa, decretou nesta quarta-feira, 5,&nbsp; situa\u00e7\u00e3o de emerg\u00eancia no \u00e2mbito do Estado em raz\u00e3o de enchentes, inunda\u00e7\u00f5es e alagamentos. O Decreto n\u00ba 6.385 est\u00e1 publicado no Di\u00e1rio Oficial do Estado (DOE), edi\u00e7\u00e3o desta quarta. A declara\u00e7\u00e3o de Situa\u00e7\u00e3o de Emerg\u00eancia segue em conformidade com a Codifica\u00e7\u00e3o Brasileira de Desastres.<\/p>\n\n\n\n<p>Com a publica\u00e7\u00e3o do decreto fica autorizada a mobiliza\u00e7\u00e3o de todos os \u00f3rg\u00e3os e entidades da administra\u00e7\u00e3o direta e indireta do Poder Executivo Estadual, sob o gerenciamento da Coordenadoria Estadual de Prote\u00e7\u00e3o e Defesa Civil, do Corpo de Bombeiros Militar (CBMTO), para atuarem nas a\u00e7\u00f5es de resposta ao desastre, de reabilita\u00e7\u00e3o e reconstru\u00e7\u00e3o do cen\u00e1rio. J\u00e1 nas a\u00e7\u00f5es de assist\u00eancia social, a coordena\u00e7\u00e3o fica sob o comando da Secretaria do Trabalho e Desenvolvimento Social (Setas).<\/p>\n\n\n\n<p>Os agentes da Defesa Civil e as autoridades p\u00fablicas ficam autorizadas, ainda, a adentrar nas casas para prestar socorro ou para determinar a pronta evacua\u00e7\u00e3o; podendo usar de propriedade particular, no caso de iminente perigo p\u00fablico, assegurando ao propriet\u00e1rio a indeniza\u00e7\u00e3o ulterior, em caso de dano.<\/p>\n\n\n\n<p>O Decreto permite tamb\u00e9m, a dispensa de licita\u00e7\u00e3o dos contratos de aquisi\u00e7\u00e3o de bens necess\u00e1rios \u00e0s atividades de resposta, de presta\u00e7\u00e3o de servi\u00e7os e de obras relacionadas com a reabilita\u00e7\u00e3o dos cen\u00e1rios dos desastres, desde que possam ser conclu\u00eddas no prazo m\u00e1ximo de 180 dias consecutivos e ininterruptos, sendo vedada a prorroga\u00e7\u00e3o dos contratos.<\/p>\n\n\n\n<p>O governador Wanderlei Barbosa ressaltou a import\u00e2ncia do Decreto para dar agilidade na tomada de decis\u00f5es e socorrer os munic\u00edpios. \u201cN\u00f3s precisamos agir r\u00e1pido, com tomada de decis\u00f5es seguras, que garantam o socorro \u00e0s fam\u00edlias desabrigadas e aos munic\u00edpios impactados, prestando o aux\u00edlio necess\u00e1rio para amenizar os impactos causados pelas fortes chuvas. Com o Decreto teremos seguran\u00e7a e estaremos preparados para qualquer situa\u00e7\u00e3o\u201d, destacou.<\/p>\n\n\n\n<p><strong>Situa\u00e7\u00e3o<\/strong><\/p>\n\n\n\n<p>Ap\u00f3s 12 dias de atua\u00e7\u00e3o da for\u00e7a-tarefa Enchente, a Coordenadoria Estadual de Prote\u00e7\u00e3o e Defesa Civil (CEPDEC) divulgou tamb\u00e9m nesta quarta-feira, 5, o boletim de a\u00e7\u00e3o, que registra um total de desabrigados para 296 e de desalojados para 236.&nbsp; O documento destaca ainda, que a vaz\u00e3o das Usinas Hidrel\u00e9tricas se mant\u00e9m est\u00e1veis, com certa baixa para UHE &#8211; Peixe, que opera na m\u00e9dia 6.000, a qual esteve no pico de 14.000 m3\/s.<\/p>\n\n\n\n<p>Insumos, medicamentos e colch\u00f5es j\u00e1 foram enviados aos desabrigados do munic\u00edpio de S\u00e3o Miguel, na regi\u00e3o do Bico do Papagaio, nesta ter\u00e7a-feira, 4.<\/p>\n\n\n\n<p>De acordo com as informa\u00e7\u00f5es do Corpo de Bombeiros Militar e da Defesa Civil, \u00e9 que a situa\u00e7\u00e3o est\u00e1 sob controle e que a tend\u00eancia para os pr\u00f3ximos dias \u00e9 que os n\u00edveis de \u00e1gua continuem baixando, todavia a for\u00e7a-tarefa continuar\u00e1 com o monitoramento das chuvas e&nbsp; dos 36 munic\u00edpios impactados.<\/p>\n\n\n\n<figure class=\"wp-block-image\"><img src=\"https:\/\/central.to.gov.br\/image\/276294?w=670&amp;h=383\" alt=\"\"\/><\/figure>\n\n\n\n<p>Governador Wanderlei Barbosa destaca que a medida visa dar o socorro imediato e necess\u00e1rio \u00e0s fam\u00edlias &#8211; Elisangela Farias\/Governo do Tocantins\n\n<\/p>\n","protected":false},"excerpt":{"rendered":"<p>O governador em exerc\u00edcio do Estado do Tocantins, Wanderlei Barbosa, decretou nesta quarta-feira, 5,&nbsp; situa\u00e7\u00e3o de emerg\u00eancia no \u00e2mbito do Estado em raz\u00e3o de enchentes, inunda\u00e7\u00f5es e alagamentos. O Decreto n\u00ba 6.385 est\u00e1 publicado no Di\u00e1rio Oficial do Estado (DOE), edi\u00e7\u00e3o desta quarta. A declara\u00e7\u00e3o de Situa\u00e7\u00e3o de Emerg\u00eancia segue em conformidade com a Codifica\u00e7\u00e3o [&hellip;]<\/p>\n","protected":false},"author":2,"featured_media":10225,"comment_status":"open","ping_status":"open","sticky":false,"template":"","format":"standard","meta":[],"categories":[3],"tags":[13],"_links":{"self":[{"href":"https:\/\/dgospel.com.br\/portal\/index.php\/wp-json\/wp\/v2\/posts\/10224"}],"collection":[{"href":"https:\/\/dgospel.com.br\/portal\/index.php\/wp-json\/wp\/v2\/posts"}],"about":[{"href":"https:\/\/dgospel.com.br\/portal\/index.php\/wp-json\/wp\/v2\/types\/post"}],"author":[{"embeddable":true,"href":"https:\/\/dgospel.com.br\/portal\/index.php\/wp-json\/wp\/v2\/users\/2"}],"replies":[{"embeddable":true,"href":"https:\/\/dgospel.com.br\/portal\/index.php\/wp-json\/wp\/v2\/comments?post=10224"}],"version-history":[{"count":1,"href":"https:\/\/dgospel.com.br\/portal\/index.php\/wp-json\/wp\/v2\/posts\/10224\/revisions"}],"predecessor-version":[{"id":10226,"href":"https:\/\/dgospel.com.br\/portal\/index.php\/wp-json\/wp\/v2\/posts\/10224\/revisions\/10226"}],"wp:featuredmedia":[{"embeddable":true,"href":"https:\/\/dgospel.com.br\/portal\/index.php\/wp-json\/wp\/v2\/media\/10225"}],"wp:attachment":[{"href":"https:\/\/dgospel.com.br\/portal\/index.php\/wp-json\/wp\/v2\/media?parent=10224"}],"wp:term":[{"taxonomy":"category","embeddable":true,"href":"https:\/\/dgospel.com.br\/portal\/index.php\/wp-json\/wp\/v2\/categories?post=10224"},{"taxonomy":"post_tag","embeddable":true,"href":"https:\/\/dgospel.com.br\/portal\/index.php\/wp-json\/wp\/v2\/tags?post=10224"}],"curies":[{"name":"wp","href":"https:\/\/api.w.org\/{rel}","templated":true}]}}