{"id":10227,"date":"2022-01-07T12:24:53","date_gmt":"2022-01-07T15:24:53","guid":{"rendered":"http:\/\/dgospel.com.br\/portal\/?p=10227"},"modified":"2022-01-07T12:24:55","modified_gmt":"2022-01-07T15:24:55","slug":"governo-do-tocantins-disponibiliza-veiculos-utilitarios-e-de-passageiros-para-apoiar-municipios-afetados-pelas-enchentes","status":"publish","type":"post","link":"https:\/\/dgospel.com.br\/portal\/index.php\/2022\/01\/07\/governo-do-tocantins-disponibiliza-veiculos-utilitarios-e-de-passageiros-para-apoiar-municipios-afetados-pelas-enchentes\/","title":{"rendered":"Governo do Tocantins disponibiliza ve\u00edculos utilit\u00e1rios e de passageiros para apoiar munic\u00edpios afetados pelas enchentes"},"content":{"rendered":"\n<p>Dando continuidade \u00e0s a\u00e7\u00f5es de mobiliza\u00e7\u00e3o para apoiar os munic\u00edpios que foram atingidos pelas enchentes, causadas pelas intensas chuvas das \u00faltimas semanas, o Governo do Tocantins, por meio da Secretaria de Estado da Sa\u00fade (SES-TO), disponibilizou oito ve\u00edculos, sendo quatro deles tipo furg\u00e3o e quatro tipo vans, que ser\u00e3o utilizados para diversas finalidades, como transporte de pacientes.<\/p>\n\n\n\n<p>Os quatro ve\u00edculos tipo furg\u00e3o ser\u00e3o utilizados no aux\u00edlio e abastecimento das cidades atingidas pelas enchentes, al\u00e9m do transporte de materiais, medicamentos e equipamentos. J\u00e1 os outros quatro ve\u00edculos ser\u00e3o usados para o transporte de pacientes da Casa de Apoio de Aragua\u00edna, al\u00e9m de atender demandas da pr\u00f3pria SES-TO.<\/p>\n\n\n\n<p>\u201cO Governo do Tocantins n\u00e3o medir\u00e1 esfor\u00e7os para ajudar os munic\u00edpios que foram afetados pelas enchentes das \u00faltimas semanas. Estamos trabalhando diuturnamente para atender toda a popula\u00e7\u00e3o atingida. Estamos em contato direto com estes munic\u00edpios e repassando todos os insumos e orienta\u00e7\u00f5es necess\u00e1rias neste momento cr\u00edtico. Estamos \u00e0 disposi\u00e7\u00e3o das secretarias municipais. Esta \u00e9 uma orienta\u00e7\u00e3o clara do nosso governador, Wanderlei Barbosa, que, inclusive, j\u00e1 decretou situa\u00e7\u00e3o de emerg\u00eancia em raz\u00e3o das enchentes causadas pelo intenso per\u00edodo chuvoso\u201d, enfatizou o secret\u00e1rio de Estado da Sa\u00fade, Afonso Piva.<\/p>\n\n\n\n<figure class=\"wp-block-image\"><img src=\"https:\/\/central.to.gov.br\/image\/276321?w=670&amp;h=383\" alt=\"\"\/><\/figure>\n\n\n\n<p>Secret\u00e1rio de Sa\u00fade, Afonso Piva, afirma que Estado n\u00e3o medir\u00e1 esfor\u00e7os para atender munic\u00edpios afetados &#8211; Mariana Ferreira\/Governo do Tocantins\n\n<\/p>\n","protected":false},"excerpt":{"rendered":"<p>Dando continuidade \u00e0s a\u00e7\u00f5es de mobiliza\u00e7\u00e3o para apoiar os munic\u00edpios que foram atingidos pelas enchentes, causadas pelas intensas chuvas das \u00faltimas semanas, o Governo do Tocantins, por meio da Secretaria de Estado da Sa\u00fade (SES-TO), disponibilizou oito ve\u00edculos, sendo quatro deles tipo furg\u00e3o e quatro tipo vans, que ser\u00e3o utilizados para diversas finalidades, como transporte [&hellip;]<\/p>\n","protected":false},"author":2,"featured_media":10228,"comment_status":"open","ping_status":"open","sticky":false,"template":"","format":"standard","meta":[],"categories":[3],"tags":[13],"_links":{"self":[{"href":"https:\/\/dgospel.com.br\/portal\/index.php\/wp-json\/wp\/v2\/posts\/10227"}],"collection":[{"href":"https:\/\/dgospel.com.br\/portal\/index.php\/wp-json\/wp\/v2\/posts"}],"about":[{"href":"https:\/\/dgospel.com.br\/portal\/index.php\/wp-json\/wp\/v2\/types\/post"}],"author":[{"embeddable":true,"href":"https:\/\/dgospel.com.br\/portal\/index.php\/wp-json\/wp\/v2\/users\/2"}],"replies":[{"embeddable":true,"href":"https:\/\/dgospel.com.br\/portal\/index.php\/wp-json\/wp\/v2\/comments?post=10227"}],"version-history":[{"count":1,"href":"https:\/\/dgospel.com.br\/portal\/index.php\/wp-json\/wp\/v2\/posts\/10227\/revisions"}],"predecessor-version":[{"id":10229,"href":"https:\/\/dgospel.com.br\/portal\/index.php\/wp-json\/wp\/v2\/posts\/10227\/revisions\/10229"}],"wp:featuredmedia":[{"embeddable":true,"href":"https:\/\/dgospel.com.br\/portal\/index.php\/wp-json\/wp\/v2\/media\/10228"}],"wp:attachment":[{"href":"https:\/\/dgospel.com.br\/portal\/index.php\/wp-json\/wp\/v2\/media?parent=10227"}],"wp:term":[{"taxonomy":"category","embeddable":true,"href":"https:\/\/dgospel.com.br\/portal\/index.php\/wp-json\/wp\/v2\/categories?post=10227"},{"taxonomy":"post_tag","embeddable":true,"href":"https:\/\/dgospel.com.br\/portal\/index.php\/wp-json\/wp\/v2\/tags?post=10227"}],"curies":[{"name":"wp","href":"https:\/\/api.w.org\/{rel}","templated":true}]}}