{"id":10242,"date":"2022-01-11T08:46:37","date_gmt":"2022-01-11T11:46:37","guid":{"rendered":"http:\/\/dgospel.com.br\/portal\/?p=10242"},"modified":"2022-01-11T08:46:39","modified_gmt":"2022-01-11T11:46:39","slug":"covid-19-ministerio-da-saude-reduz-de-10-para-5-dias-isolamento-para-pacientes-com-casos-leves","status":"publish","type":"post","link":"https:\/\/dgospel.com.br\/portal\/index.php\/2022\/01\/11\/covid-19-ministerio-da-saude-reduz-de-10-para-5-dias-isolamento-para-pacientes-com-casos-leves\/","title":{"rendered":"COVID-19: Minist\u00e9rio da Sa\u00fade reduz de 10 para 5 dias isolamento para pacientes com casos leves"},"content":{"rendered":"\n<p>O <a href=\"https:\/\/www.gov.br\/saude\/pt-br\">Minist\u00e9rio da Sa\u00fade<\/a> reduziu o tempo recomendado de isolamento social em caso de resultado positivo para Covid-19. &nbsp;O an\u00fancio foi feito nesta segunda-feira (10) pelo ministro Marcelo Queiroga. Segundo o chefe da Pasta, o tempo passou de 10 para 5 dias, e vale para casos leves ou moderados. No entanto, o ministro pediu que a popula\u00e7\u00e3o continue evitando aglomera\u00e7\u00f5es desnecess\u00e1rias.&nbsp;<\/p>\n\n\n\n<p>\u201cAssistimos, no ano passado, a um aumento de casos no m\u00eas de janeiro. E, este ano, temos a \u00d4micron, que \u00e9 muito mais transmiss\u00edvel. Ent\u00e3o, \u00e9 necess\u00e1rio que haja uma certa cautela para que possamos abrir nossa economia. Quero aproveitar a oportunidade e pedir a quem for fazer festa em casa, agora nas f\u00e9rias, que fa\u00e7a isso com bastante responsabilidade, para evitar um aumento de casos ainda maior com essa variante \u00d4micron\u201d, destacou Queiroga.&nbsp;<\/p>\n\n\n\n<p>O minist\u00e9rio considera que devem seguir a orienta\u00e7\u00e3o aqueles pacientes que n\u00e3o apresentam sintomas respirat\u00f3rios, que n\u00e3o sentiram febre h\u00e1 24 horas e que tenham resultado negativo para teste PCR ou de ant\u00edgeno.<\/p>\n\n\n\n<h2>Confira a nova recomenda\u00e7\u00e3o sobre isolamento:<\/h2>\n\n\n\n<ul><li>Para quem est\u00e1 com Covid-19 leve ou moderada, o isolamento \u00e9 de, no m\u00ednimo, 7 dias, sem teste.<\/li><li>Se no 5\u00ba dia o paciente n\u00e3o apresentar sintomas respirat\u00f3rios e febre por um per\u00edodo de 24 horas, sem uso de antit\u00e9rmico, poder\u00e1 fazer o teste (ant\u00edgeno ou PCR). Se o resultado der negativo, ele pode sair do isolamento.<\/li><li>Se no 7\u00ba dia o paciente ainda apresentar sintomas respirat\u00f3rios ou febre, ele pode fazer o teste (PCR ou ant\u00edgeno). Se o resultado for negativo, pode sair do isolamento. Caso d\u00ea positivo, deve ficar em isolamento at\u00e9 10 dias e s\u00f3 sair quando n\u00e3o apresentar mais sintomas.<\/li><li>Ap\u00f3s 10 dias, se estiver sem sintomas respirat\u00f3rios, n\u00e3o \u00e9 necess\u00e1rio testar.<\/li><\/ul>\n\n\n\n<h2>Outros pa\u00edses<\/h2>\n\n\n\n<p>A redu\u00e7\u00e3o do tempo de quarentena para infectados com Covid-19 j\u00e1 havia sido adotada nos Estados Unidos. Em vez de dez dias, a recomenda\u00e7\u00e3o do Centro de Controle e Preven\u00e7\u00e3o de Doen\u00e7as (CDC) americano \u00e9 de que sejam levados em conta cinco dias, caso n\u00e3o haja surgimento de sintomas \u2014 e se usarem m\u00e1scaras por perto de outras pessoas por pelo menos mais cinco dias.&nbsp;<\/p>\n\n\n\n<p>O CDC dos EUA tamb\u00e9m decidiu que pessoas que entraram em contato com outras infectadas devem realizar a testagem no quinto dia do contato. Al\u00e9m disso, para quem n\u00e3o tomou a vacina ou possui dose em atraso, a recomenda\u00e7\u00e3o \u00e9 de que haja um per\u00edodo de cinco dias em quarentena e um rigoroso uso de m\u00e1scara por mais cinco dias.&nbsp;<\/p>\n\n\n\n<p>&#8220;Est\u00e1 sendo adotada em outros pa\u00edses e tem assento em evid\u00eancias cient\u00edficas\u201d, defendeu Queiroga na \u00faltima semana. O ministro tamb\u00e9m destacou que o governo franc\u00eas autorizou m\u00e9dicos infectados com Covid a seguirem atuando na linha de frente. Entre outros motivos, um dos argumentos foi de que a variante \u00f4micron, predominante nos novos casos, tem causado sintomas mais leves.<br>\n&nbsp;<\/p>\n\n\n\n<p> \n\nFonte: <a href=\"https:\/\/brasil61.com\/n\/covid-19-ministerio-da-saude-reduz-de-10-para-5-dias-isolamento-para-pacientes-com-casos-leves-bras226493?email=dgospel1@gmail.com&amp;utm_source=newsletter&amp;utm_medium=newsletter&amp;utm_campaign=newsletter\" target=\"_blank\" rel=\"noreferrer noopener\">Brasil 61<\/a><\/p>\n","protected":false},"excerpt":{"rendered":"<p>O Minist\u00e9rio da Sa\u00fade reduziu o tempo recomendado de isolamento social em caso de resultado positivo para Covid-19. &nbsp;O an\u00fancio foi feito nesta segunda-feira (10) pelo ministro Marcelo Queiroga. Segundo o chefe da Pasta, o tempo passou de 10 para 5 dias, e vale para casos leves ou moderados. No entanto, o ministro pediu que [&hellip;]<\/p>\n","protected":false},"author":2,"featured_media":10243,"comment_status":"open","ping_status":"open","sticky":false,"template":"","format":"standard","meta":[],"categories":[4],"tags":[13,14],"_links":{"self":[{"href":"https:\/\/dgospel.com.br\/portal\/index.php\/wp-json\/wp\/v2\/posts\/10242"}],"collection":[{"href":"https:\/\/dgospel.com.br\/portal\/index.php\/wp-json\/wp\/v2\/posts"}],"about":[{"href":"https:\/\/dgospel.com.br\/portal\/index.php\/wp-json\/wp\/v2\/types\/post"}],"author":[{"embeddable":true,"href":"https:\/\/dgospel.com.br\/portal\/index.php\/wp-json\/wp\/v2\/users\/2"}],"replies":[{"embeddable":true,"href":"https:\/\/dgospel.com.br\/portal\/index.php\/wp-json\/wp\/v2\/comments?post=10242"}],"version-history":[{"count":1,"href":"https:\/\/dgospel.com.br\/portal\/index.php\/wp-json\/wp\/v2\/posts\/10242\/revisions"}],"predecessor-version":[{"id":10244,"href":"https:\/\/dgospel.com.br\/portal\/index.php\/wp-json\/wp\/v2\/posts\/10242\/revisions\/10244"}],"wp:featuredmedia":[{"embeddable":true,"href":"https:\/\/dgospel.com.br\/portal\/index.php\/wp-json\/wp\/v2\/media\/10243"}],"wp:attachment":[{"href":"https:\/\/dgospel.com.br\/portal\/index.php\/wp-json\/wp\/v2\/media?parent=10242"}],"wp:term":[{"taxonomy":"category","embeddable":true,"href":"https:\/\/dgospel.com.br\/portal\/index.php\/wp-json\/wp\/v2\/categories?post=10242"},{"taxonomy":"post_tag","embeddable":true,"href":"https:\/\/dgospel.com.br\/portal\/index.php\/wp-json\/wp\/v2\/tags?post=10242"}],"curies":[{"name":"wp","href":"https:\/\/api.w.org\/{rel}","templated":true}]}}