{"id":10245,"date":"2022-01-11T09:18:45","date_gmt":"2022-01-11T12:18:45","guid":{"rendered":"http:\/\/dgospel.com.br\/portal\/?p=10245"},"modified":"2022-01-11T09:18:46","modified_gmt":"2022-01-11T12:18:46","slug":"andre-valadao-abre-igreja-para-importante-debate-politico","status":"publish","type":"post","link":"https:\/\/dgospel.com.br\/portal\/index.php\/2022\/01\/11\/andre-valadao-abre-igreja-para-importante-debate-politico\/","title":{"rendered":"Andr\u00e9 Valad\u00e3o abre igreja para importante debate pol\u00edtico"},"content":{"rendered":"\n<p>A Igreja Lagoinha Orlando Church, nos Estados Unidos, liderada pelo pastor&nbsp;<a href=\"http:\/\/pleno.news\/tag\/andre-valadao\" target=\"_blank\" rel=\"noreferrer noopener\">Andr\u00e9 Valad\u00e3o<\/a>, recebeu, na \u00faltima sexta-feira (7) e no s\u00e1bado (8), a Confer\u00eancia Governe, que contou com diversas personalidades conservadoras que debateram a respeito dos valores crist\u00e3os na pol\u00edtica. Entre os participantes estiveram o ministro das Comunica\u00e7\u00f5es,&nbsp;<a href=\"http:\/\/pleno.news\/tag\/fabio-faria\" target=\"_blank\" rel=\"noreferrer noopener\">F\u00e1bio Faria<\/a>, e o vereador Nikolas Ferreira.<\/p>\n\n\n\n<p>Durante o evento, que durou dois dias, as diversas personalidades presentes, que tamb\u00e9m inclu\u00edram os jornalistas Paulo Figueiredo e Allan dos Santos, o empres\u00e1rio Ot\u00e1vio Fakhoury e o deputado federal Lucas Gonzales (Novo-MG), debateram a presen\u00e7a de valores crist\u00e3os na pol\u00edtica, como a luta contra o aborto, por exemplo.<\/p>\n\n\n\n<p>No centro das discuss\u00f5es, tamb\u00e9m esteve a ascens\u00e3o dos conservadores ao debate pol\u00edtico brasileiro. De acordo com o ministro F\u00e1bio Faria, o Brasil vive um novo momento, em que conservadores agora t\u00eam voz nas redes sociais, especialmente ap\u00f3s a elei\u00e7\u00e3o do presidente Jair Bolsonaro.<\/p>\n\n\n\n<p>\u2013 Se voc\u00ea olhar o que est\u00e1 acontecendo hoje, imaginar isso h\u00e1 10, 15 anos era imposs\u00edvel de acontecer. Hoje n\u00f3s temos pol\u00edticos conservadores, temos artistas conservadores, jornalistas conservadores e tuiteiros conservadores \u2013 disse.<\/p>\n\n\n\n<p>J\u00e1 o vereador Nikolas Ferreira falou sobre as diferen\u00e7as entre o que defende a doutrina socialista e o que defende o cristianismo. De acordo com o parlamentar, ao contr\u00e1rio do socialismo, que prega uma pretensa vida \u201cperfeita\u201d e sem desigualdade na terra, Cristo prega que o para\u00edso vir\u00e1 futuramente.<\/p>\n\n\n\n<p>\u2013 Cristo n\u00e3o veio aqui para acabar com a desigualdade, com a pobreza; pelo contr\u00e1rio, Ele veio aqui pagar um pre\u00e7o que n\u00f3s n\u00e3o poder\u00edamos pagar. J\u00e1 o socialismo \u00e9 uma doutrina que mostra como voc\u00ea deve trazer o para\u00edso aqui, na terra. Ent\u00e3o, eles [os socialistas] fazem uma falsa promessa, uma vis\u00e3o de mundo que, na verdade, quando foi concretizada, sempre gerou o genoc\u00eddio \u2013 completou.<\/p>\n","protected":false},"excerpt":{"rendered":"<p>A Igreja Lagoinha Orlando Church, nos Estados Unidos, liderada pelo pastor&nbsp;Andr\u00e9 Valad\u00e3o, recebeu, na \u00faltima sexta-feira (7) e no s\u00e1bado (8), a Confer\u00eancia Governe, que contou com diversas personalidades conservadoras que debateram a respeito dos valores crist\u00e3os na pol\u00edtica. Entre os participantes estiveram o ministro das Comunica\u00e7\u00f5es,&nbsp;F\u00e1bio Faria, e o vereador Nikolas Ferreira. Durante o [&hellip;]<\/p>\n","protected":false},"author":2,"featured_media":10246,"comment_status":"open","ping_status":"open","sticky":false,"template":"","format":"standard","meta":[],"categories":[4],"tags":[14],"_links":{"self":[{"href":"https:\/\/dgospel.com.br\/portal\/index.php\/wp-json\/wp\/v2\/posts\/10245"}],"collection":[{"href":"https:\/\/dgospel.com.br\/portal\/index.php\/wp-json\/wp\/v2\/posts"}],"about":[{"href":"https:\/\/dgospel.com.br\/portal\/index.php\/wp-json\/wp\/v2\/types\/post"}],"author":[{"embeddable":true,"href":"https:\/\/dgospel.com.br\/portal\/index.php\/wp-json\/wp\/v2\/users\/2"}],"replies":[{"embeddable":true,"href":"https:\/\/dgospel.com.br\/portal\/index.php\/wp-json\/wp\/v2\/comments?post=10245"}],"version-history":[{"count":1,"href":"https:\/\/dgospel.com.br\/portal\/index.php\/wp-json\/wp\/v2\/posts\/10245\/revisions"}],"predecessor-version":[{"id":10247,"href":"https:\/\/dgospel.com.br\/portal\/index.php\/wp-json\/wp\/v2\/posts\/10245\/revisions\/10247"}],"wp:featuredmedia":[{"embeddable":true,"href":"https:\/\/dgospel.com.br\/portal\/index.php\/wp-json\/wp\/v2\/media\/10246"}],"wp:attachment":[{"href":"https:\/\/dgospel.com.br\/portal\/index.php\/wp-json\/wp\/v2\/media?parent=10245"}],"wp:term":[{"taxonomy":"category","embeddable":true,"href":"https:\/\/dgospel.com.br\/portal\/index.php\/wp-json\/wp\/v2\/categories?post=10245"},{"taxonomy":"post_tag","embeddable":true,"href":"https:\/\/dgospel.com.br\/portal\/index.php\/wp-json\/wp\/v2\/tags?post=10245"}],"curies":[{"name":"wp","href":"https:\/\/api.w.org\/{rel}","templated":true}]}}