{"id":10249,"date":"2022-01-12T16:29:13","date_gmt":"2022-01-12T19:29:13","guid":{"rendered":"http:\/\/dgospel.com.br\/portal\/?p=10249"},"modified":"2022-01-12T16:29:15","modified_gmt":"2022-01-12T19:29:15","slug":"pre-candidato-sergio-moro-nao-se-opoe-a-ideologia-de-genero-mas-quer-voto-evangelico","status":"publish","type":"post","link":"https:\/\/dgospel.com.br\/portal\/index.php\/2022\/01\/12\/pre-candidato-sergio-moro-nao-se-opoe-a-ideologia-de-genero-mas-quer-voto-evangelico\/","title":{"rendered":"Pr\u00e9-candidato, S\u00e9rgio Moro n\u00e3o se op\u00f5e \u00e0 ideologia de g\u00eanero, mas quer voto evang\u00e9lico"},"content":{"rendered":"\n<p> O ex-juiz S\u00e9rgio Moro (Podemos) est\u00e1 trabalhando em sua pr\u00e9-candidatura \u00e0 presid\u00eancia da Rep\u00fablica este ano, e pretende buscar apoio dos evang\u00e9licos para tentar derrotar o atual mandat\u00e1rio, Jair Bolsonaro (PL). <\/p>\n\n\n\n<p>Moro est\u00e1 sendo assessorado pelo advogado Uziel Santana, ex-presidente da Associa\u00e7\u00e3o Nacional dos Juristas Evang\u00e9licos (ANAJURE). Em entrevista recente, o conselheiro do ex-juiz afirmou que o pr\u00e9-candidato pretende se apresentar como um \u201cconservador moderado e democr\u00e1tico\u201d.<\/p>\n\n\n\n<p>A ideia de agradar a gregos e troianos dever\u00e1 ser a linha principal da abordagem aos evang\u00e9licos pr\u00e9-campanha do ex-juiz, e isso poder\u00e1 ser observado na maneira hesitante com a qual o tema da ideologia de g\u00eanero ser\u00e1 encarada:<\/p>\n\n\n\n<p>\u201cMoro vai combater a sexualiza\u00e7\u00e3o precoce das crian\u00e7as, mas n\u00e3o pretende proibir discuss\u00f5es sobre o tema no contexto acad\u00eamico\u201d, afirmou Uziel Santana ao jornal\u00a0<a rel=\"noreferrer noopener\" target=\"_blank\" href=\"https:\/\/www1.folha.uol.com.br\/colunas\/painel\/2022\/01\/moro-deve-combater-sexualizacao-precoce-e-defender-lei-do-aborto-diz-coordenador-evangelico.shtml\"><em>Folha de S. Paulo<\/em><\/a>.<\/p>\n\n\n\n<p>Para evitar pol\u00eamicas, Moro n\u00e3o dever\u00e1 propor mudan\u00e7as na legisla\u00e7\u00e3o em rela\u00e7\u00e3o ao aborto, que atualmente \u00e9 proibido, mas h\u00e1 exce\u00e7\u00f5es para casos de estupro, risco para a vida da m\u00e3e e anencefalia.<\/p>\n\n\n\n<p>O ensino domiciliar, chamado de homescholing, \u00e9 uma das bandeiras adotadas por muitos l\u00edderes evang\u00e9licos com a qual S\u00e9rgio Moro evita se comprometer. Segundo Santana, o ex-juiz abordar\u00e1 o assunto de \u201cforma lateral\u201d. Ou seja, apenas observar\u00e1 as discuss\u00f5es na sociedade.<\/p>\n\n\n\n<p>Ciente de que \u00e9 preciso apoio maci\u00e7o do segmento evang\u00e9lico para vencer uma elei\u00e7\u00e3o, como ocorreu com Bolsonaro em 2018, Santana afirmou que Moro pretende buscar di\u00e1logo com o pastor Silas Malafaia e outros apoiadores da reelei\u00e7\u00e3o do presidente.<\/p>\n\n\n\n<p>\u201cMalafaia \u00e9 pol\u00eamico, mas a igreja dele \u00e9 s\u00e9ria\u201d, afirmou Santana, ponderando que n\u00e3o est\u00e1 pleiteando um apoio institucional da Assembleia de Deus Vit\u00f3ria em Cristo (ADVEC) ou qualquer outra denomina\u00e7\u00e3o.<\/p>\n\n\n\n<p>\u201cA gente n\u00e3o quer esse tipo de rela\u00e7\u00e3o, d\u00e1 margem para muitos problemas. \u00c9 uma alian\u00e7a de princ\u00edpios e valores\u201d, acrescentou.<\/p>\n\n\n\n<p>Ao longo de janeiro, a pr\u00e9-campanha de Moro dever\u00e1 buscar contato com diversas religi\u00f5es, como a Igreja M\u00f3rmon, a Confedera\u00e7\u00e3o Israelita do Brasil (Conib), a Federa\u00e7\u00e3o das Associa\u00e7\u00f5es Mu\u00e7ulmanas do Brasil (Fambra) e a entidade Can\u00e7\u00e3o Nova, que \u00e9 ligada ao movimento da renova\u00e7\u00e3o carism\u00e1tica da Igreja Cat\u00f3lica).<\/p>\n\n\n\n<p>\u201cO recado \u00e9 que a liberdade religiosa \u00e9 um direito fundamental, que ser\u00e1 respeitado e promovido\u201d, explicou Santana.<\/p>\n\n\n\n<h2>Liberdade<\/h2>\n\n\n\n<p>Um dos temas mais delicados no pa\u00eds nos dois \u00faltimos anos, o cerceamento \u00e0 liberdade de culto por autoridades, n\u00e3o foi mencionado por Santana na entrevista. Quando era ministro da Justi\u00e7a, no in\u00edcio da pandemia, Moro demonstrou apoio a medidas coercitivas para obrigar cidad\u00e3os a acatarem as ordens de confinamento.<\/p>\n\n\n\n<p>Na ocasi\u00e3o, Moro foi cobrado pelo presidente Jair Bolsonaro para que se posicionasse contra o uso da for\u00e7a contra os cidad\u00e3os apenas por circularem nas ruas. Cenas de mulheres sendo algemadas e jogadas no ch\u00e3o por policiais e guardas municipais chocaram todo o pa\u00eds.<\/p>\n\n\n\n<p>No entanto, S\u00e9rgio Moro jamais se manifestou em defesa da liberdade de ir e vir naquele cen\u00e1rio, ou mesmo, na defesa da liberdade de culto, algo que foi defendido por Andr\u00e9 Mendon\u00e7a (que o sucedeu no Minist\u00e9rio da Justi\u00e7a e depois reassumiu cargo na AGU), dizendo que os crist\u00e3os dariam a vida pelo&nbsp;<a href=\"https:\/\/noticias.gospelmais.com.br\/andre-mendonca-cristaos-morrer-liberdade-culto-145545.html\"><strong>direito de se reunir e louvar a Deus<\/strong><\/a>.<\/p>\n\n\n\n<p>\u201cElas [medidas restritivas] podem ser impostas pela Pol\u00edcia, a Pol\u00edcia imp\u00f4-las \u00e0 for\u00e7a. Ningu\u00e9m quer que a Pol\u00edcia tenha necessidade de atender esse tipo de problema\u201d,&nbsp;<a target=\"_blank\" href=\"https:\/\/www.youtube.com\/watch?v=ZSR8SEmimGw\" rel=\"noreferrer noopener\">disse<\/a>&nbsp;Moro, ainda como ministro.<\/p>\n\n\n\n<p>Depois de sua demiss\u00e3o do cargo, o substituto revogou a portaria que ordenava o uso da for\u00e7a policial contra quem descumprisse medidas de confinamento, de acordo com informa\u00e7\u00f5es do portal\u00a0<a rel=\"noreferrer noopener\" target=\"_blank\" href=\"https:\/\/www.migalhas.com.br\/quentes\/327897\/revogada-portaria-conjunta-de-moro-e-mandetta-que-liberava-uso-de-forca-policial-na-pandemia\"><em>Migalhas<\/em><\/a>.<\/p>\n\n\n\n<p>Fonte: gospelmais<\/p>\n\n\n\n<p><br><\/p>\n","protected":false},"excerpt":{"rendered":"<p>O ex-juiz S\u00e9rgio Moro (Podemos) est\u00e1 trabalhando em sua pr\u00e9-candidatura \u00e0 presid\u00eancia da Rep\u00fablica este ano, e pretende buscar apoio dos evang\u00e9licos para tentar derrotar o atual mandat\u00e1rio, Jair Bolsonaro (PL). Moro est\u00e1 sendo assessorado pelo advogado Uziel Santana, ex-presidente da Associa\u00e7\u00e3o Nacional dos Juristas Evang\u00e9licos (ANAJURE). Em entrevista recente, o conselheiro do ex-juiz afirmou [&hellip;]<\/p>\n","protected":false},"author":2,"featured_media":10250,"comment_status":"open","ping_status":"open","sticky":false,"template":"","format":"standard","meta":[],"categories":[4],"tags":[14],"_links":{"self":[{"href":"https:\/\/dgospel.com.br\/portal\/index.php\/wp-json\/wp\/v2\/posts\/10249"}],"collection":[{"href":"https:\/\/dgospel.com.br\/portal\/index.php\/wp-json\/wp\/v2\/posts"}],"about":[{"href":"https:\/\/dgospel.com.br\/portal\/index.php\/wp-json\/wp\/v2\/types\/post"}],"author":[{"embeddable":true,"href":"https:\/\/dgospel.com.br\/portal\/index.php\/wp-json\/wp\/v2\/users\/2"}],"replies":[{"embeddable":true,"href":"https:\/\/dgospel.com.br\/portal\/index.php\/wp-json\/wp\/v2\/comments?post=10249"}],"version-history":[{"count":1,"href":"https:\/\/dgospel.com.br\/portal\/index.php\/wp-json\/wp\/v2\/posts\/10249\/revisions"}],"predecessor-version":[{"id":10251,"href":"https:\/\/dgospel.com.br\/portal\/index.php\/wp-json\/wp\/v2\/posts\/10249\/revisions\/10251"}],"wp:featuredmedia":[{"embeddable":true,"href":"https:\/\/dgospel.com.br\/portal\/index.php\/wp-json\/wp\/v2\/media\/10250"}],"wp:attachment":[{"href":"https:\/\/dgospel.com.br\/portal\/index.php\/wp-json\/wp\/v2\/media?parent=10249"}],"wp:term":[{"taxonomy":"category","embeddable":true,"href":"https:\/\/dgospel.com.br\/portal\/index.php\/wp-json\/wp\/v2\/categories?post=10249"},{"taxonomy":"post_tag","embeddable":true,"href":"https:\/\/dgospel.com.br\/portal\/index.php\/wp-json\/wp\/v2\/tags?post=10249"}],"curies":[{"name":"wp","href":"https:\/\/api.w.org\/{rel}","templated":true}]}}